{"id":15065,"date":"2023-03-11T16:12:45","date_gmt":"2023-03-11T19:12:45","guid":{"rendered":"http:\/\/dgospel.com.br\/portal\/?p=15065"},"modified":"2023-03-11T16:12:46","modified_gmt":"2023-03-11T19:12:46","slug":"leniencia-de-lula-com-ditador-ortega-divide-base-do-governo","status":"publish","type":"post","link":"https:\/\/dgospel.com.br\/portal\/index.php\/2023\/03\/11\/leniencia-de-lula-com-ditador-ortega-divide-base-do-governo\/","title":{"rendered":"Leni\u00eancia de Lula com ditador Ortega divide base do governo"},"content":{"rendered":"\n<p>A resist\u00eancia do governo de Luiz In\u00e1cio Lula da Silva (PT) em condenar no Conselho de Direitos Humanos da ONU as viola\u00e7\u00f5es dos direitos humanos cometidas pelo regime de Daniel Ortega, na Nicar\u00e1gua, criou ru\u00eddo na base aliada e desafios \u00e0 diplomacia brasileira.<\/p>\n\n\n\n<p>O Brasil decidiu n\u00e3o aderir a uma declara\u00e7\u00e3o de 54 pa\u00edses, na \u00faltima sexta-feira (3), com san\u00e7\u00f5es ao regime de Ortega e permaneceu em sil\u00eancio perante a comunidade internacional. Uma resposta brasileira s\u00f3 veio quatro dias depois, diante da rea\u00e7\u00e3o interna e externa, o que mostra o desconforto gerado no governo Lula com o assunto.<\/p>\n\n\n\n<p>Nesta quinta-feira (9), o PSB \u2013 partido do vice-presidente e ministro do Desenvolvimento, Ind\u00fastria e Com\u00e9rcio, Geraldo Alckmin \u2013 aprovou uma nota de rep\u00fadio \u00e0 ditadura da Nicar\u00e1gua. O texto defende a democracia como valor universal e afirma que n\u00e3o se pode ficar indiferente ao que chama de \u201cflagrantes viola\u00e7\u00f5es de direitos humanos, deten\u00e7\u00f5es arbitr\u00e1rias, julgamentos e execu\u00e7\u00f5es sum\u00e1rias, assassinatos e tortura contra dissidentes pol\u00edticos do regime\u201d. Mesmo no PT, o tema causou discuss\u00e3o.<\/p>\n\n\n\n<p>Presidente do diret\u00f3rio estadual do PT, no Rio de Janeiro, e integrante da executiva do partido, Alberto Cantalice disse ao Estad\u00e3o n\u00e3o aceitar a pris\u00e3o de um bispo cat\u00f3lico, como Ortega fez. Em fevereiro, o bispo nicaraguense Rolando \u00c1lvarez Lagos foi condenado a 26 anos de pris\u00e3o como \u201ctraidor da p\u00e1tria\u201d. O prelado se recusou a embarcar no avi\u00e3o em que Ortega colocou 222 opositores para despach\u00e1-los aos Estados Unidos.<\/p>\n\n\n\n<p>\u2013 Isso \u00e9 a\u00e7\u00e3o ditatorial. Ao se intitular de esquerda, Ortega p\u00f5e uma m\u00e1cula sobre nosso ide\u00e1rio \u2013 afirmou.<\/p>\n\n\n\n<p>Para ele, a esquerda brasileira \u2013 principalmente os setores mais importantes \u2013 precisa revalorizar o papel da democracia e coloc\u00e1-la como \u201cquest\u00e3o principal, pois \u00e9 isso que vai nos fazer avan\u00e7ar como Na\u00e7\u00e3o moderna\u201d. Em rede social, ele chamou Ortega e o venezuelano Nicol\u00e1s Maduro de \u201cuns merdas\u201d.<\/p>\n\n\n\n<p>A publica\u00e7\u00e3o despertou rea\u00e7\u00f5es. O historiador Valter Pomar, da Funda\u00e7\u00e3o Perseu Abramo, escreveu em seu blog que, ao usar essa linguagem, Cantalice se candidatava \u201ca ser tratado como gusano\u201d. Gusano \u00e9 um tipo de verme. O termo \u00e9 usado pelos comunistas cubanos para designar opositores do regime.<\/p>\n\n\n\n<figure class=\"wp-block-image\"><img src=\"https:\/\/static.cdn.pleno.news\/2023\/02\/91dd88925cb6260561108e56c865ab588b670e79w-1024x682.jpg\" alt=\"\" class=\"wp-image-1095760\"\/><figcaption>Lula mant\u00e9m estreita rela\u00e7\u00e3o com Ortega de longa data&nbsp;Foto: Fernando Bizerra Jr\/EFE<\/figcaption><\/figure>\n\n\n\n<p><strong>DUBIEDADE<br><\/strong>O conflito no PT reflete o hist\u00f3rico de correntes do partido de Lula de dubiedade na forma de tratar os regimes de Ortega e Maduro. Em 2021, ele comparou a perman\u00eancia da ent\u00e3o chanceler alem\u00e3, Angela Merkel, no cargo, \u00e0 situa\u00e7\u00e3o de Ortega. Na \u00e9poca, Ortega j\u00e1 tinha passado por sua quarta elei\u00e7\u00e3o seguida, sem concorrentes. Nos meses anteriores \u00e0 elei\u00e7\u00e3o, prendera sete pr\u00e9-candidatos, 39 pol\u00edticos, empres\u00e1rios, jornalistas e estudantes, al\u00e9m de ter cassado tr\u00eas partidos pol\u00edticos.<\/p>\n\n\n\n<p>A iniciativa dentro do Conselho de Direitos Humanos da ONU reuniu governos de esquerda e centro-esquerda n\u00e3o apenas na Am\u00e9rica Latina, como o chileno e o colombiano, mas tamb\u00e9m na Europa. \u00c9 o caso de Portugal, Espanha e Alemanha. A declara\u00e7\u00e3o da delega\u00e7\u00e3o do Canad\u00e1, reiterada pelo Chile, aponta os achados de um comit\u00ea de peritos, com indica\u00e7\u00e3o de poss\u00edvel cometimento de crimes contra a humanidade por Ortega, e defende a continuidade das investiga\u00e7\u00f5es.<\/p>\n\n\n\n<p>O Brasil integra o grupo que discute o tema, mas n\u00e3o endossou a declara\u00e7\u00e3o. O sil\u00eancio foi quebrado na \u00faltima ter\u00e7a-feira (7), quando o chefe da delega\u00e7\u00e3o permanente do Brasil em Genebra, embaixador Tovar da Silva Nunes, disse que o pa\u00eds se preocupa com os relatos de \u201cs\u00e9rias viola\u00e7\u00f5es de direitos humanos e restri\u00e7\u00f5es ao espa\u00e7o democr\u00e1tico, em especial execu\u00e7\u00f5es sum\u00e1rias, deten\u00e7\u00f5es arbitr\u00e1rias e tortura contra dissidentes pol\u00edticos\u201d. Ele n\u00e3o usou o termo \u201ccrimes contra a humanidade\u201d e tamb\u00e9m n\u00e3o fez men\u00e7\u00e3o \u00e0 continuidade do trabalho dos peritos.<\/p>\n\n\n\n<p>Disse que o Brasil poderia receber nicaraguenses que perderam sua nacionalidade por ordem de Ortega. At\u00e9 agora, as discuss\u00f5es geraram apenas declara\u00e7\u00f5es, mas n\u00e3o um documento a ser votado. O Conselho de Direitos Humanos ainda discute uma resolu\u00e7\u00e3o sobre o tema \u2013 e o Itamaraty trabalha para abrandar os termos do texto e incluir a perspectiva de tentativa de di\u00e1logo com o governo de Ortega.<\/p>\n\n\n\n<p>A gest\u00e3o petista afirma que o pa\u00eds preferiu adotar uma posi\u00e7\u00e3o desvinculada do grupo para manter-se como poss\u00edvel mediador com Ortega. Lula busca posi\u00e7\u00e3o de media\u00e7\u00e3o em conflitos internacionais na regi\u00e3o e fora, como no caso da guerra na Ucr\u00e2nia. Tamb\u00e9m houve desconforto no Minist\u00e9rio das Rela\u00e7\u00f5es Exteriores com o fato de relat\u00f3rio dos especialistas apresentado na semana passada comparar a\u00e7\u00f5es de Ortega ao nazismo.<\/p>\n\n\n\n<p>\u2013 Tenho a sensa\u00e7\u00e3o de que o PT tem uma dificuldade muito grande de se atualizar com rela\u00e7\u00e3o ao estado das esquerdas na Am\u00e9rica Latina. A chave do anti-imperialismo que aproximou essas for\u00e7as no passado, ela j\u00e1 n\u00e3o se justifica como linha de atua\u00e7\u00e3o de pol\u00edtica externa hoje \u2013 disse o cientista pol\u00edtico e professor da Funda\u00e7\u00e3o Getulio Vargas (FGV) Guilherme Casar\u00f5es.<\/p>\n\n\n\n<figure class=\"wp-block-image\"><img src=\"https:\/\/static.cdn.pleno.news\/2022\/08\/28072010-28.07.2010RPS_2202.jpg\" alt=\"\" class=\"wp-image-994902\"\/><figcaption>Lula cumprimenta o ditador da Nicar\u00e1gua, Daniel Ortega&nbsp;Foto: ABr\/Roosewelt Pinheiro<\/figcaption><\/figure>\n\n\n\n<p><strong>CONTRADI\u00c7\u00c3O<br><\/strong>Membro do grupo de trabalho do Minist\u00e9rio dos Direitos Humanos de combate ao discurso de \u00f3dio no Brasil, Casar\u00f5es afirmou que o governo Lula perde a chance de exercer uma lideran\u00e7a regional ao n\u00e3o se posicionar de maneira clara sobre a Nicar\u00e1gua.<\/p>\n\n\n\n<p>\u2013 Cria-se a contradi\u00e7\u00e3o. No limite, o governo vai ser cobrado por defender algo internamente que n\u00e3o sustenta externamente.<\/p>\n\n\n\n<p>O embaixador Rubens Barbosa disse que o Brasil sempre condenou esse tipo de viola\u00e7\u00e3o.<\/p>\n\n\n\n<p>\u2013 Li a declara\u00e7\u00e3o de Genebra. Ela \u00e9 uma maneira de n\u00e3o condenar o regime da Nicar\u00e1gua. Lula quer ter influ\u00eancia para encaminhar uma solu\u00e7\u00e3o. No caso do Brasil, dentro dos princ\u00edpios ocidentais de democracia e direitos humanos, a gente n\u00e3o pode defender isso s\u00f3 internamente. \u00c9 preciso coer\u00eancia \u2013 disse.<\/p>\n\n\n\n<p>*AE<\/p>\n","protected":false},"excerpt":{"rendered":"<p>A resist\u00eancia do governo de Luiz In\u00e1cio Lula da Silva (PT) em condenar no Conselho de Direitos Humanos da ONU as viola\u00e7\u00f5es dos direitos humanos cometidas pelo regime de Daniel Ortega, na Nicar\u00e1gua, criou ru\u00eddo na base aliada e desafios \u00e0 diplomacia brasileira. O Brasil decidiu n\u00e3o aderir a uma declara\u00e7\u00e3o de 54 pa\u00edses, na [&hellip;]<\/p>\n","protected":false},"author":2,"featured_media":15066,"comment_status":"open","ping_status":"open","sticky":false,"template":"","format":"standard","meta":[],"categories":[10],"tags":[],"_links":{"self":[{"href":"https:\/\/dgospel.com.br\/portal\/index.php\/wp-json\/wp\/v2\/posts\/15065"}],"collection":[{"href":"https:\/\/dgospel.com.br\/portal\/index.php\/wp-json\/wp\/v2\/posts"}],"about":[{"href":"https:\/\/dgospel.com.br\/portal\/index.php\/wp-json\/wp\/v2\/types\/post"}],"author":[{"embeddable":true,"href":"https:\/\/dgospel.com.br\/portal\/index.php\/wp-json\/wp\/v2\/users\/2"}],"replies":[{"embeddable":true,"href":"https:\/\/dgospel.com.br\/portal\/index.php\/wp-json\/wp\/v2\/comments?post=15065"}],"version-history":[{"count":1,"href":"https:\/\/dgospel.com.br\/portal\/index.php\/wp-json\/wp\/v2\/posts\/15065\/revisions"}],"predecessor-version":[{"id":15067,"href":"https:\/\/dgospel.com.br\/portal\/index.php\/wp-json\/wp\/v2\/posts\/15065\/revisions\/15067"}],"wp:featuredmedia":[{"embeddable":true,"href":"https:\/\/dgospel.com.br\/portal\/index.php\/wp-json\/wp\/v2\/media\/15066"}],"wp:attachment":[{"href":"https:\/\/dgospel.com.br\/portal\/index.php\/wp-json\/wp\/v2\/media?parent=15065"}],"wp:term":[{"taxonomy":"category","embeddable":true,"href":"https:\/\/dgospel.com.br\/portal\/index.php\/wp-json\/wp\/v2\/categories?post=15065"},{"taxonomy":"post_tag","embeddable":true,"href":"https:\/\/dgospel.com.br\/portal\/index.php\/wp-json\/wp\/v2\/tags?post=15065"}],"curies":[{"name":"wp","href":"https:\/\/api.w.org\/{rel}","templated":true}]}}