{"id":15068,"date":"2023-03-11T16:22:50","date_gmt":"2023-03-11T19:22:50","guid":{"rendered":"http:\/\/dgospel.com.br\/portal\/?p=15068"},"modified":"2023-03-11T16:22:52","modified_gmt":"2023-03-11T19:22:52","slug":"deputado-ganha-apoio-e-fica-em-alta-no-twitter-parabens-nikolas","status":"publish","type":"post","link":"https:\/\/dgospel.com.br\/portal\/index.php\/2023\/03\/11\/deputado-ganha-apoio-e-fica-em-alta-no-twitter-parabens-nikolas\/","title":{"rendered":"Deputado ganha apoio e fica em alta no Twitter: Parab\u00e9ns Nikolas"},"content":{"rendered":"\n<p>Ap\u00f3s uma discuss\u00e3o entre a ex-BBB Ana Paula Renault e o deputado federal Nikolas Ferreira (PL-MG), nesta sexta-feira (10), o parlamentar ficou entre os destaques do Twitter. Usu\u00e1rios da rede social parabenizaram Nikolas.<\/p>\n\n\n\n<p>O bate-boca aconteceu durante um voo. A discuss\u00e3o foi motivada pelo discurso do parlamentar na C\u00e2mara que ironizou uma pauta progressista de g\u00eanero, no Dia Internacional da Mulher.<\/p>\n\n\n\n<p>Ana Paula gravou um v\u00eddeo quando descobriu que havia sentado ao lado do parlamentar no avi\u00e3o. Ela perguntou se ele \u201cvai continuar fazendo crimes em pleno plen\u00e1rio\u201d.<\/p>\n\n\n\n<p>Nikolas tamb\u00e9m pegou o celular para fazer o registro e lembrou sobre a agress\u00e3o cometida pela jornalista, que a fez ser expulsa da edi\u00e7\u00e3o do&nbsp;<em>Big Brother Brasil<\/em>&nbsp;em que participou.<\/p>\n\n\n\n<p>Confira, abaixo, alguns posts de pessoas que elogiaram Nikolas:<\/p>\n\n\n\n<figure class=\"wp-block-image\"><img src=\"https:\/\/static.cdn.pleno.news\/2023\/03\/Screenshot-6-1.png\" alt=\"\" class=\"wp-image-1103296\"\/><\/figure>\n\n\n\n<figure class=\"wp-block-image\"><img src=\"https:\/\/static.cdn.pleno.news\/2023\/03\/Screenshot-7.png\" alt=\"\" class=\"wp-image-1103297\"\/><\/figure>\n\n\n\n<figure class=\"wp-block-image\"><img src=\"https:\/\/static.cdn.pleno.news\/2023\/03\/Screenshot-8.png\" alt=\"\" class=\"wp-image-1103298\"\/><\/figure>\n\n\n\n<figure class=\"wp-block-image\"><img src=\"https:\/\/static.cdn.pleno.news\/2023\/03\/Screenshot-9.png\" alt=\"\" class=\"wp-image-1103299\"\/><\/figure>\n\n\n\n<figure class=\"wp-block-image\"><img src=\"https:\/\/static.cdn.pleno.news\/2023\/03\/Screenshot-10.png\" alt=\"\" class=\"wp-image-1103300\"\/><\/figure>\n\n\n\n<figure class=\"wp-block-image\"><img src=\"https:\/\/static.cdn.pleno.news\/2023\/03\/Screenshot-11-1.png\" alt=\"\" class=\"wp-image-1103301\"\/><\/figure>\n\n\n\n<figure class=\"wp-block-image\"><img src=\"https:\/\/static.cdn.pleno.news\/2023\/03\/Screenshot-12-1.png\" alt=\"\" class=\"wp-image-1103302\"\/><\/figure>\n","protected":false},"excerpt":{"rendered":"<p>Ap\u00f3s uma discuss\u00e3o entre a ex-BBB Ana Paula Renault e o deputado federal Nikolas Ferreira (PL-MG), nesta sexta-feira (10), o parlamentar ficou entre os destaques do Twitter. Usu\u00e1rios da rede social parabenizaram Nikolas. O bate-boca aconteceu durante um voo. A discuss\u00e3o foi motivada pelo discurso do parlamentar na C\u00e2mara que ironizou uma pauta progressista de [&hellip;]<\/p>\n","protected":false},"author":2,"featured_media":15069,"comment_status":"open","ping_status":"open","sticky":false,"template":"","format":"standard","meta":[],"categories":[4],"tags":[],"_links":{"self":[{"href":"https:\/\/dgospel.com.br\/portal\/index.php\/wp-json\/wp\/v2\/posts\/15068"}],"collection":[{"href":"https:\/\/dgospel.com.br\/portal\/index.php\/wp-json\/wp\/v2\/posts"}],"about":[{"href":"https:\/\/dgospel.com.br\/portal\/index.php\/wp-json\/wp\/v2\/types\/post"}],"author":[{"embeddable":true,"href":"https:\/\/dgospel.com.br\/portal\/index.php\/wp-json\/wp\/v2\/users\/2"}],"replies":[{"embeddable":true,"href":"https:\/\/dgospel.com.br\/portal\/index.php\/wp-json\/wp\/v2\/comments?post=15068"}],"version-history":[{"count":1,"href":"https:\/\/dgospel.com.br\/portal\/index.php\/wp-json\/wp\/v2\/posts\/15068\/revisions"}],"predecessor-version":[{"id":15070,"href":"https:\/\/dgospel.com.br\/portal\/index.php\/wp-json\/wp\/v2\/posts\/15068\/revisions\/15070"}],"wp:featuredmedia":[{"embeddable":true,"href":"https:\/\/dgospel.com.br\/portal\/index.php\/wp-json\/wp\/v2\/media\/15069"}],"wp:attachment":[{"href":"https:\/\/dgospel.com.br\/portal\/index.php\/wp-json\/wp\/v2\/media?parent=15068"}],"wp:term":[{"taxonomy":"category","embeddable":true,"href":"https:\/\/dgospel.com.br\/portal\/index.php\/wp-json\/wp\/v2\/categories?post=15068"},{"taxonomy":"post_tag","embeddable":true,"href":"https:\/\/dgospel.com.br\/portal\/index.php\/wp-json\/wp\/v2\/tags?post=15068"}],"curies":[{"name":"wp","href":"https:\/\/api.w.org\/{rel}","templated":true}]}}