{"id":15072,"date":"2023-03-13T09:58:38","date_gmt":"2023-03-13T12:58:38","guid":{"rendered":"http:\/\/dgospel.com.br\/portal\/?p=15072"},"modified":"2023-03-13T09:58:40","modified_gmt":"2023-03-13T12:58:40","slug":"stf-nega-acao-contra-bolsonaro-por-sabotagem-na-pandemia","status":"publish","type":"post","link":"https:\/\/dgospel.com.br\/portal\/index.php\/2023\/03\/13\/stf-nega-acao-contra-bolsonaro-por-sabotagem-na-pandemia\/","title":{"rendered":"STF nega a\u00e7\u00e3o contra Bolsonaro por \u201csabotagem\u201d na pandemia"},"content":{"rendered":"\n<p>Nove ministros do Supremo Tribunal Federal (STF) votaram contra uma queixa-crime contra o ex-presidente Jair Bolsonaro (PL) acusando-o de sabotagem no combate \u00e0 pandemia.<\/p>\n\n\n\n<p>A a\u00e7\u00e3o foi movida pela Associa\u00e7\u00e3o de V\u00edtimas e Familiares de V\u00edtimas da Covid-19 que reclama da forma como o ent\u00e3o chefe do Executivo tratou a doen\u00e7a.<\/p>\n\n\n\n<p>O relator do caso foi o ministro Lu\u00eds Roberto Barroso que votou que rejei\u00e7\u00e3o da a\u00e7\u00e3o. Na vis\u00e3o de Barroso, n\u00e3o h\u00e1 ind\u00edcios suficientes de que a Procuradoria-Geral da Rep\u00fablica (PGR) n\u00e3o investigou a\u00e7\u00f5es e omiss\u00f5es do ex-presidente.<\/p>\n\n\n\n<p>O voto foi seguido por Alexandre de Moraes, Andr\u00e9 Mendon\u00e7a, Gilmar Mendes, Ricardo Lewandowski, Luiz Fux, Nunes Marques, Rosa Weber e Dias Toffoli.<\/p>\n\n\n\n<p>J\u00e1 Edson Fachin e C\u00e1rmen L\u00facia votaram para que a queixa-crime seja enviada para a primeira inst\u00e2ncia da Justi\u00e7a do Distrito Federal.<\/p>\n","protected":false},"excerpt":{"rendered":"<p>Nove ministros do Supremo Tribunal Federal (STF) votaram contra uma queixa-crime contra o ex-presidente Jair Bolsonaro (PL) acusando-o de sabotagem no combate \u00e0 pandemia. A a\u00e7\u00e3o foi movida pela Associa\u00e7\u00e3o de V\u00edtimas e Familiares de V\u00edtimas da Covid-19 que reclama da forma como o ent\u00e3o chefe do Executivo tratou a doen\u00e7a. O relator do caso [&hellip;]<\/p>\n","protected":false},"author":2,"featured_media":15073,"comment_status":"open","ping_status":"open","sticky":false,"template":"","format":"standard","meta":[],"categories":[10],"tags":[],"_links":{"self":[{"href":"https:\/\/dgospel.com.br\/portal\/index.php\/wp-json\/wp\/v2\/posts\/15072"}],"collection":[{"href":"https:\/\/dgospel.com.br\/portal\/index.php\/wp-json\/wp\/v2\/posts"}],"about":[{"href":"https:\/\/dgospel.com.br\/portal\/index.php\/wp-json\/wp\/v2\/types\/post"}],"author":[{"embeddable":true,"href":"https:\/\/dgospel.com.br\/portal\/index.php\/wp-json\/wp\/v2\/users\/2"}],"replies":[{"embeddable":true,"href":"https:\/\/dgospel.com.br\/portal\/index.php\/wp-json\/wp\/v2\/comments?post=15072"}],"version-history":[{"count":1,"href":"https:\/\/dgospel.com.br\/portal\/index.php\/wp-json\/wp\/v2\/posts\/15072\/revisions"}],"predecessor-version":[{"id":15074,"href":"https:\/\/dgospel.com.br\/portal\/index.php\/wp-json\/wp\/v2\/posts\/15072\/revisions\/15074"}],"wp:featuredmedia":[{"embeddable":true,"href":"https:\/\/dgospel.com.br\/portal\/index.php\/wp-json\/wp\/v2\/media\/15073"}],"wp:attachment":[{"href":"https:\/\/dgospel.com.br\/portal\/index.php\/wp-json\/wp\/v2\/media?parent=15072"}],"wp:term":[{"taxonomy":"category","embeddable":true,"href":"https:\/\/dgospel.com.br\/portal\/index.php\/wp-json\/wp\/v2\/categories?post=15072"},{"taxonomy":"post_tag","embeddable":true,"href":"https:\/\/dgospel.com.br\/portal\/index.php\/wp-json\/wp\/v2\/tags?post=15072"}],"curies":[{"name":"wp","href":"https:\/\/api.w.org\/{rel}","templated":true}]}}