{"id":15078,"date":"2023-03-13T10:47:31","date_gmt":"2023-03-13T13:47:31","guid":{"rendered":"http:\/\/dgospel.com.br\/portal\/?p=15078"},"modified":"2023-03-13T10:47:33","modified_gmt":"2023-03-13T13:47:33","slug":"ditadura-de-ortega-toma-bens-e-apaga-registros-de-opositores","status":"publish","type":"post","link":"https:\/\/dgospel.com.br\/portal\/index.php\/2023\/03\/13\/ditadura-de-ortega-toma-bens-e-apaga-registros-de-opositores\/","title":{"rendered":"Ditadura de Ortega toma bens e apaga registros de opositores"},"content":{"rendered":"\n<p>Persegui\u00e7\u00e3o, confisco de bens e nacionalidade cassada. Essa \u00e9 a realidade dos nicaraguenses acusados de trai\u00e7\u00e3o pela ditadura de Daniel Ortega. At\u00e9 agora, 317 pessoas se tornaram ap\u00e1tridas e den\u00fancias de que seus registros civis est\u00e3o sendo apagados come\u00e7am a surgir.<\/p>\n\n\n\n<p>\u2013 Fomos declarados traidores. Alguns tiveram bens e propriedades confiscados, o que \u00e9 ilegal. Outros foram apagados do registro civil. \u00c9 a morte civil, como se a gente nunca tivesse existido \u2013 disse o jornalista H\u00e9ctor Mairena, que vive na Costa Rica.<\/p>\n\n\n\n<p>Segundo ele, muitos perderam dados de nascimento. Os idosos, que recebiam aposentadoria, n\u00e3o recebem mais. N\u00e3o existe um n\u00famero exato de quantos perderam seus registros porque muitos continuam ou t\u00eam fam\u00edlia no pa\u00eds e temem repres\u00e1lias.<\/p>\n\n\n\n<p>Para entender como 317 pessoas se tornaram ap\u00e1tridas em uma semana \u00e9 preciso voltar alguns meses. Em janeiro, existiam 245 presos pol\u00edticos na Nicar\u00e1gua. Ap\u00f3s um acordo com o governo americano, 222 foram soltos, tiveram a nacionalidade cassada e foram expulsos para os EUA.<\/p>\n\n\n\n<p><strong>BISPO<\/strong><br>Um dia depois, o bispo Rolando Jos\u00e9 \u00c1lvarez Lagos, s\u00edmbolo da luta contra a ditadura, foi condenado a 26 anos de pris\u00e3o por trai\u00e7\u00e3o \u00e0 p\u00e1tria. Ele estava em pris\u00e3o domiciliar desde agosto de 2022 e foi inclu\u00eddo na lista dos opositores exilados \u2013 mas se recusou a embarcar.<\/p>\n\n\n\n<p>Em seguida, Lagos foi transferido para o Sistema Penitenci\u00e1rio Nacional e se tornou o primeiro bispo preso desde que Ortega voltou ao poder, em 2007. \u201cDeclara-se a perda dos direitos de cidad\u00e3o do condenado, que ser\u00e1 perp\u00e9tua\u201d, diz a senten\u00e7a.<\/p>\n\n\n\n<p>\u2013 A Assembleia Nacional aprovou uma reforma constitucional que permite a Ortega retirar a nacionalidade das pessoas. Isso \u00e9 ilegal, pois \u00e9 produto de uma Assembleia sem legitimidade e porque, para reformar a Constitui\u00e7\u00e3o, \u00e9 preciso seguir procedimentos que n\u00e3o foram seguidos, como aprovar a medida em duas vota\u00e7\u00f5es \u2013 explicou Mairena.<\/p>\n\n\n\n<p>Seis dias ap\u00f3s a pris\u00e3o do bispo, 94 opositores, entre eles Mairena, foram declarados traidores, perderam a nacionalidade e os direitos pol\u00edticos para sempre.<\/p>\n\n\n\n<p>\u2013 Os acusados executaram atos delitivos em preju\u00edzo da paz, da soberania e da autodetermina\u00e7\u00e3o do povo nicaraguense. Por isso, n\u00e3o podem mais ser considerados cidad\u00e3os nicaraguenses \u2013 disse o juiz Ernesto Rodr\u00edguez Mej\u00eda.<\/p>\n\n\n\n<p>Internamente, a repress\u00e3o continua forte. Manuel (nome fict\u00edcio por raz\u00f5es de seguran\u00e7a) n\u00e3o tem passaporte desde 2021, quando tentou deixar o pa\u00eds para ser vacinado contra a Covid-19, nos EUA.<\/p>\n\n\n\n<p>\u2013 Tentei viajar, mas confiscaram meu passaporte. Quis enviar minha filha de 13 anos para a Fl\u00f3rida, mas tamb\u00e9m n\u00e3o lhe deram o passaporte. Vivemos, eu e meus filhos, como prisioneiros \u2013 relatou.<\/p>\n\n\n\n<p><strong>VIOL\u00caNCIA<\/strong><br>O cerco aos religiosos e \u00e0 imprensa tamb\u00e9m aumentou. Na semana passada, duas universidades ligadas \u00e0 Igreja foram fechadas e ter\u00e3o de entregar ao governo todas as informa\u00e7\u00f5es sobre alunos, professores, planos de estudos, matr\u00edculas e habilita\u00e7\u00f5es.<\/p>\n\n\n\n<p>\u2013 Vivemos coisas absurdas. Os jornalistas deixaram de exercer sua profiss\u00e3o. Quem ficou, coloca no ar apenas o que \u00e9 autorizado pela ditadura \u2013 disse Manuel.<\/p>\n\n\n\n<p>Para ele, a liberta\u00e7\u00e3o dos 222 presos s\u00f3 foi poss\u00edvel ap\u00f3s press\u00e3o externa, mas a repress\u00e3o continuar\u00e1 aumentando.<\/p>\n\n\n\n<p>\u2013 Toda essa persegui\u00e7\u00e3o ocorre porque a ditadura tem o controle total do Estado \u2013 falou.<\/p>\n\n\n\n<p>Atualmente, 27 pessoas s\u00e3o mantidas como presos pol\u00edticos no pa\u00eds.<\/p>\n\n\n\n<p>Mairena defende que a Am\u00e9rica Latina se una contra Ortega e pede mais a\u00e7\u00e3o do Brasil.<\/p>\n\n\n\n<p>\u2013 Lamentamos que o governo do presidente Lula n\u00e3o tome uma atitude firme. No Brasil, ocorreram ditaduras. Lula foi v\u00edtima. \u00c9 lament\u00e1vel que ele n\u00e3o adote uma defesa dos direitos humanos.<\/p>\n\n\n\n<p>Na semana passada, o Brasil se recusou a assinar uma declara\u00e7\u00e3o da ONU de 55 pa\u00edses, denunciando Ortega. Ap\u00f3s um grupo de especialistas acusar o ditador de cometer crimes contra a humanidade, logo depois, o Pa\u00eds ofereceu asilo aos opositores expulsos.<\/p>\n\n\n\n<p>\u2013 Estamos prontos para explorar formas para que a situa\u00e7\u00e3o seja tratada de maneira construtiva \u2013 disse Tovar da Silva Nunes, embaixador do Brasil no Conselho de Direitos Humanos da ONU.<\/p>\n\n\n\n<p><strong>L\u00cdDERES RELIGIOSOS<\/strong><br>O medo faz l\u00edderes religiosos da Nicar\u00e1gua fugirem para o ex\u00edlio. Durante duas horas, todas as tardes, o padre cat\u00f3lico ouve confiss\u00f5es atr\u00e1s de uma parede de vidro onde qualquer pessoa pode localiz\u00e1-lo. Mas essa visibilidade \u00e9 enganosa. Ele deseja manter seu nome e paradeiro em segredo. Ele come\u00e7ou a ouvir confiss\u00f5es poucos dias depois de fugir da Nicar\u00e1gua, onde o governo prendeu l\u00edderes religiosos, ativistas e v\u00e1rios cr\u00edticos do ditador Daniel Ortega.<\/p>\n\n\n\n<p>O padre vive exilado na Costa Rica e concordou em falar com a condi\u00e7\u00e3o de que seu nome e localiza\u00e7\u00e3o fossem omitidos. Ele teme por seus parentes e amigos, que ainda vivem na Nicar\u00e1gua, e espera que estejam seguros enquanto ele permanecer discreto.<\/p>\n\n\n\n<p>Ele n\u00e3o est\u00e1 sozinho. Muitos padres e freiras no ex\u00edlio se preocupam com repres\u00e1lias de Ortega e temem tornar suas hist\u00f3rias p\u00fablicas.<\/p>\n\n\n\n<p>\u2013 H\u00e1 persegui\u00e7\u00e3o \u00e0 Igreja, porque ela \u00e9 a voz do povo \u2013 disse o padre.<\/p>\n\n\n\n<p>A ONG Nicaragua Nunca M\u00e1s estima que mais de 50 l\u00edderes religiosos fugiram desde 2018, quando o pa\u00eds foi varrido por protestos em massa. No ano passado, duas congrega\u00e7\u00f5es de freiras foram expulsas da Nicar\u00e1gua.<\/p>\n\n\n\n<p>Outros membros da Igreja, incluindo padres, seminaristas e funcion\u00e1rios leigos, estavam entre os 222 nicaraguenses libertados e expulsos \u00e0 for\u00e7a para os EUA em 9 de fevereiro.<\/p>\n\n\n\n<p>O padre entrevistado na Costa Rica deixou sua cidade na Nicar\u00e1gua com tanta pressa que n\u00e3o houve tempo para despedidas. Na companhia de um motorista, ele viajou de carro, depois de moto. Uma vez perto da fronteira com a Costa Rica, caminhou.<\/p>\n\n\n\n<p>\u2013 Sinto falta do meu povo \u2013 disse, com a voz embargada.<\/p>\n\n\n\n<p><strong>CRIST\u00c3OS<\/strong><br>Ortega inicialmente pediu \u00e0 Igreja Cat\u00f3lica que desempenhasse um papel de mediador, mas a primeira rodada de di\u00e1logo n\u00e3o durou muito. Depois que os padres abrigaram os manifestantes em suas par\u00f3quias e expressaram preocupa\u00e7\u00e3o com o uso excessivo da for\u00e7a, Ortega os chamou de \u201cterroristas\u201d.<\/p>\n\n\n\n<p>A organiza\u00e7\u00e3o Nicaragua Nunca M\u00e1s e a CSW, com sede no Reino Unido, dizem que o governo de Ortega tamb\u00e9m tem como alvo pastores evang\u00e9licos. Yader Valdivia, da Nicaragua Nunca M\u00e1s, disse que pelo menos 50 igrejas evang\u00e9licas j\u00e1 foram fechadas.<\/p>\n\n\n\n<p>\u2013 Quando a Igreja tentava ser uma voz para os que n\u00e3o tinham voz, o regime ditatorial de Ortega foi atr\u00e1s da Igreja \u2013 disse o arcebispo de Miami, Thomas Wenski, que se reuniu com alguns dos cl\u00e9rigos e seminaristas exilados nos EUA.<\/p>\n\n\n\n<p>*AE<\/p>\n","protected":false},"excerpt":{"rendered":"<p>Persegui\u00e7\u00e3o, confisco de bens e nacionalidade cassada. Essa \u00e9 a realidade dos nicaraguenses acusados de trai\u00e7\u00e3o pela ditadura de Daniel Ortega. At\u00e9 agora, 317 pessoas se tornaram ap\u00e1tridas e den\u00fancias de que seus registros civis est\u00e3o sendo apagados come\u00e7am a surgir. \u2013 Fomos declarados traidores. Alguns tiveram bens e propriedades confiscados, o que \u00e9 ilegal. [&hellip;]<\/p>\n","protected":false},"author":2,"featured_media":15079,"comment_status":"open","ping_status":"open","sticky":false,"template":"","format":"standard","meta":[],"categories":[16],"tags":[],"_links":{"self":[{"href":"https:\/\/dgospel.com.br\/portal\/index.php\/wp-json\/wp\/v2\/posts\/15078"}],"collection":[{"href":"https:\/\/dgospel.com.br\/portal\/index.php\/wp-json\/wp\/v2\/posts"}],"about":[{"href":"https:\/\/dgospel.com.br\/portal\/index.php\/wp-json\/wp\/v2\/types\/post"}],"author":[{"embeddable":true,"href":"https:\/\/dgospel.com.br\/portal\/index.php\/wp-json\/wp\/v2\/users\/2"}],"replies":[{"embeddable":true,"href":"https:\/\/dgospel.com.br\/portal\/index.php\/wp-json\/wp\/v2\/comments?post=15078"}],"version-history":[{"count":1,"href":"https:\/\/dgospel.com.br\/portal\/index.php\/wp-json\/wp\/v2\/posts\/15078\/revisions"}],"predecessor-version":[{"id":15080,"href":"https:\/\/dgospel.com.br\/portal\/index.php\/wp-json\/wp\/v2\/posts\/15078\/revisions\/15080"}],"wp:featuredmedia":[{"embeddable":true,"href":"https:\/\/dgospel.com.br\/portal\/index.php\/wp-json\/wp\/v2\/media\/15079"}],"wp:attachment":[{"href":"https:\/\/dgospel.com.br\/portal\/index.php\/wp-json\/wp\/v2\/media?parent=15078"}],"wp:term":[{"taxonomy":"category","embeddable":true,"href":"https:\/\/dgospel.com.br\/portal\/index.php\/wp-json\/wp\/v2\/categories?post=15078"},{"taxonomy":"post_tag","embeddable":true,"href":"https:\/\/dgospel.com.br\/portal\/index.php\/wp-json\/wp\/v2\/tags?post=15078"}],"curies":[{"name":"wp","href":"https:\/\/api.w.org\/{rel}","templated":true}]}}