{"id":1508,"date":"2018-10-05T00:31:20","date_gmt":"2018-10-05T03:31:20","guid":{"rendered":"http:\/\/dgospel.com.br\/portal\/?p=1508"},"modified":"2018-10-05T00:31:20","modified_gmt":"2018-10-05T03:31:20","slug":"vice-governador-parabeniza-estado-do-tocantins-pelo-aniversario-de-30-anos","status":"publish","type":"post","link":"https:\/\/dgospel.com.br\/portal\/index.php\/2018\/10\/05\/vice-governador-parabeniza-estado-do-tocantins-pelo-aniversario-de-30-anos\/","title":{"rendered":"Vice-governador parabeniza Estado do Tocantins pelo anivers\u00e1rio de 30 anos"},"content":{"rendered":"<p class=\"yiv6038295909MsoNormal\">Neste dia 5 que celebramos o dia da emancipa\u00e7\u00e3o do Estado do Tocantins, me sinto honrado em fazer parte da hist\u00f3ria deste jovem Estado, cuja hist\u00f3ria come\u00e7ou muito antes do dia 5 de outubro de 1988.<\/p>\n<p class=\"yiv6038295909MsoNormal\">Destaco a import\u00e2ncia dos pioneiros, e muitos personagens que vieram desbravar, colonizar e que contribu\u00edram para fazer desta regi\u00e3o o que ela se tornou hoje.<\/p>\n<p class=\"yiv6038295909MsoNormal\">Parabenizo a cada representante e importantes l\u00edderes pol\u00edticos que colaboraram na cria\u00e7\u00e3o do Tocantins. Vamos juntos trabalhar e continuar a luta por um estado digno para nossa gente e para as futuras gera\u00e7\u00f5es. Parab\u00e9ns Tocantinenses! Parab\u00e9ns Tocantins pelos seus 30 anos!<\/p>\n<p class=\"yiv6038295909MsoNormal\">\n<p class=\"yiv6038295909MsoNormal\"><b>Wanderlei Barbosa<\/b><\/p>\n<p class=\"yiv6038295909MsoNormal\">Vice-governador do Estado do Tocantins<\/p>\n<p class=\"yiv6038295909MsoNormal\">\n","protected":false},"excerpt":{"rendered":"<p>Neste dia 5 que celebramos o dia da emancipa\u00e7\u00e3o do Estado do Tocantins, me sinto honrado em fazer parte da hist\u00f3ria deste jovem Estado, cuja hist\u00f3ria come\u00e7ou muito antes do dia 5 de outubro de 1988. Destaco a import\u00e2ncia dos pioneiros, e muitos personagens que vieram desbravar, colonizar e que contribu\u00edram para fazer desta regi\u00e3o [&hellip;]<\/p>\n","protected":false},"author":2,"featured_media":1509,"comment_status":"open","ping_status":"open","sticky":false,"template":"","format":"standard","meta":[],"categories":[2,3],"tags":[],"_links":{"self":[{"href":"https:\/\/dgospel.com.br\/portal\/index.php\/wp-json\/wp\/v2\/posts\/1508"}],"collection":[{"href":"https:\/\/dgospel.com.br\/portal\/index.php\/wp-json\/wp\/v2\/posts"}],"about":[{"href":"https:\/\/dgospel.com.br\/portal\/index.php\/wp-json\/wp\/v2\/types\/post"}],"author":[{"embeddable":true,"href":"https:\/\/dgospel.com.br\/portal\/index.php\/wp-json\/wp\/v2\/users\/2"}],"replies":[{"embeddable":true,"href":"https:\/\/dgospel.com.br\/portal\/index.php\/wp-json\/wp\/v2\/comments?post=1508"}],"version-history":[{"count":1,"href":"https:\/\/dgospel.com.br\/portal\/index.php\/wp-json\/wp\/v2\/posts\/1508\/revisions"}],"predecessor-version":[{"id":1510,"href":"https:\/\/dgospel.com.br\/portal\/index.php\/wp-json\/wp\/v2\/posts\/1508\/revisions\/1510"}],"wp:featuredmedia":[{"embeddable":true,"href":"https:\/\/dgospel.com.br\/portal\/index.php\/wp-json\/wp\/v2\/media\/1509"}],"wp:attachment":[{"href":"https:\/\/dgospel.com.br\/portal\/index.php\/wp-json\/wp\/v2\/media?parent=1508"}],"wp:term":[{"taxonomy":"category","embeddable":true,"href":"https:\/\/dgospel.com.br\/portal\/index.php\/wp-json\/wp\/v2\/categories?post=1508"},{"taxonomy":"post_tag","embeddable":true,"href":"https:\/\/dgospel.com.br\/portal\/index.php\/wp-json\/wp\/v2\/tags?post=1508"}],"curies":[{"name":"wp","href":"https:\/\/api.w.org\/{rel}","templated":true}]}}