{"id":15081,"date":"2023-03-13T12:09:48","date_gmt":"2023-03-13T15:09:48","guid":{"rendered":"http:\/\/dgospel.com.br\/portal\/?p=15081"},"modified":"2023-03-13T12:09:49","modified_gmt":"2023-03-13T15:09:49","slug":"governo-do-tocantins-apresenta-desenvolvimento-do-projeto-cidade-do-automovel-para-empresariado","status":"publish","type":"post","link":"https:\/\/dgospel.com.br\/portal\/index.php\/2023\/03\/13\/governo-do-tocantins-apresenta-desenvolvimento-do-projeto-cidade-do-automovel-para-empresariado\/","title":{"rendered":"Governo do Tocantins apresenta desenvolvimento do projeto Cidade do Autom\u00f3vel para empresariado"},"content":{"rendered":"\n<p>Durante encontro entre o secret\u00e1rio da Ind\u00fastria, Com\u00e9rcio e Servi\u00e7os (Sics), Carlos Humberto Lima, e os presidentes da Associa\u00e7\u00e3o dos Revendedores de Ve\u00edculos Automotores do Estado do Tocantins (Agenciauto), Orlando Silvestre, da Associa\u00e7\u00e3o Comercial e Industrial de Palmas (Acipa), Joseph Madeira, e de empres\u00e1rios do setor automotivo, na quinta-feira, 9, foi apresentado e debatido o desenvolvimento do projeto Cidade do Autom\u00f3vel.<\/p>\n\n\n\n<p>\u201cEssa reuni\u00e3o foi muito proveitosa para o setor automotivo, principalmente para as lojas de autom\u00f3veis novos e seminovos. Esse projeto da Cidade do Autom\u00f3vel \u00e9 um sonho j\u00e1 antigo dos empres\u00e1rios do setor, e agora com essas a\u00e7\u00f5es do Governo do Tocantins isso est\u00e1 se tornando uma realidade; o empresariado s\u00f3 tem a agradecer ao governador Wanderley Barbosa e ao secret\u00e1rio Carlos Humberto pela realiza\u00e7\u00e3o dessa a\u00e7\u00e3o\u201d.&nbsp;<\/p>\n\n\n\n<p>O presidente da Acipa, Joseph Madeira, ressaltou que a Cidade do Autom\u00f3vel \u00e9 um projeto muito importante que vai transformar Palmas e contribuir para o desenvolvimento do Tocantins. \u201cEssa \u00e9 mais uma reuni\u00e3o muito importante em que o Governo do Estado, nesse gesto de transpar\u00eancia e de abertura para o di\u00e1logo, busca ouvir os empres\u00e1rios para apresentar o andamento desse projeto t\u00e3o importante que \u00e9 a Cidade do Autom\u00f3vel e ao mesmo tempo colher desses empres\u00e1rios, que s\u00e3o diretamente interessados no \u00eaxito do projeto, sugest\u00f5es para que possam subsidiar, fortalecer e torn\u00e1-lo o mais abrangente poss\u00edvel&#8221;.<\/p>\n\n\n\n<p>O secret\u00e1rio da Sics, Carlos Humberto Lima, pontuou sobre a import\u00e2ncia do andamento da Cidade do Autom\u00f3vel. &nbsp;&#8220;Sabemos da import\u00e2ncia estrat\u00e9gica deste projeto, e nosso Governador quer muito que isso saia do papel e vire realidade, pois isso faz parte da pol\u00edtica de desenvolvimento econ\u00f4mico do Estado; essa abertura com os empres\u00e1rios \u00e9 muito interessante para que possamos ouvir sugest\u00f5es e observa\u00e7\u00f5es para poss\u00edveis ajustes. N\u00f3s sempre trabalhamos com clareza e muita transpar\u00eancia dando total ci\u00eancia para todo o empresariado tocantinense do que estamos fazendo e queremos que voc\u00eas fiquem atentos para o nosso chamamento p\u00fablico, que tenho certeza que ser\u00e1 em breve&#8221;, finalizou.<\/p>\n","protected":false},"excerpt":{"rendered":"<p>Durante encontro entre o secret\u00e1rio da Ind\u00fastria, Com\u00e9rcio e Servi\u00e7os (Sics), Carlos Humberto Lima, e os presidentes da Associa\u00e7\u00e3o dos Revendedores de Ve\u00edculos Automotores do Estado do Tocantins (Agenciauto), Orlando Silvestre, da Associa\u00e7\u00e3o Comercial e Industrial de Palmas (Acipa), Joseph Madeira, e de empres\u00e1rios do setor automotivo, na quinta-feira, 9, foi apresentado e debatido o [&hellip;]<\/p>\n","protected":false},"author":2,"featured_media":15082,"comment_status":"open","ping_status":"open","sticky":false,"template":"","format":"standard","meta":[],"categories":[3],"tags":[13],"_links":{"self":[{"href":"https:\/\/dgospel.com.br\/portal\/index.php\/wp-json\/wp\/v2\/posts\/15081"}],"collection":[{"href":"https:\/\/dgospel.com.br\/portal\/index.php\/wp-json\/wp\/v2\/posts"}],"about":[{"href":"https:\/\/dgospel.com.br\/portal\/index.php\/wp-json\/wp\/v2\/types\/post"}],"author":[{"embeddable":true,"href":"https:\/\/dgospel.com.br\/portal\/index.php\/wp-json\/wp\/v2\/users\/2"}],"replies":[{"embeddable":true,"href":"https:\/\/dgospel.com.br\/portal\/index.php\/wp-json\/wp\/v2\/comments?post=15081"}],"version-history":[{"count":1,"href":"https:\/\/dgospel.com.br\/portal\/index.php\/wp-json\/wp\/v2\/posts\/15081\/revisions"}],"predecessor-version":[{"id":15083,"href":"https:\/\/dgospel.com.br\/portal\/index.php\/wp-json\/wp\/v2\/posts\/15081\/revisions\/15083"}],"wp:featuredmedia":[{"embeddable":true,"href":"https:\/\/dgospel.com.br\/portal\/index.php\/wp-json\/wp\/v2\/media\/15082"}],"wp:attachment":[{"href":"https:\/\/dgospel.com.br\/portal\/index.php\/wp-json\/wp\/v2\/media?parent=15081"}],"wp:term":[{"taxonomy":"category","embeddable":true,"href":"https:\/\/dgospel.com.br\/portal\/index.php\/wp-json\/wp\/v2\/categories?post=15081"},{"taxonomy":"post_tag","embeddable":true,"href":"https:\/\/dgospel.com.br\/portal\/index.php\/wp-json\/wp\/v2\/tags?post=15081"}],"curies":[{"name":"wp","href":"https:\/\/api.w.org\/{rel}","templated":true}]}}