{"id":15087,"date":"2023-03-14T15:31:56","date_gmt":"2023-03-14T18:31:56","guid":{"rendered":"http:\/\/dgospel.com.br\/portal\/?p=15087"},"modified":"2023-03-14T15:31:57","modified_gmt":"2023-03-14T18:31:57","slug":"prefeita-cinthia-ribeiro-e-eleita-vice-presidente-da-fnp-na-84a-reuniao-geral","status":"publish","type":"post","link":"https:\/\/dgospel.com.br\/portal\/index.php\/2023\/03\/14\/prefeita-cinthia-ribeiro-e-eleita-vice-presidente-da-fnp-na-84a-reuniao-geral\/","title":{"rendered":"Prefeita Cinthia Ribeiro \u00e9 eleita vice-presidente da FNP na 84\u00aa Reuni\u00e3o Geral"},"content":{"rendered":"\n<p>Por aclama\u00e7\u00e3o, a prefeita de Palmas, Cinthia Ribeiro, foi eleita 3\u00aa vice-presidente da Frente Nacional de Prefeitos (FNP). A elei\u00e7\u00e3o ocorreu, na tarde desta segunda-feira, 13, durante a 84\u00aa Reuni\u00e3o Geral da FNP, em Bras\u00edlia.&nbsp;\u201cEstou muito feliz com esta elei\u00e7\u00e3o. Admiro o trabalho da Frente Nacional de Prefeitos, reconhe\u00e7o e me comprometo em continuar contribuindo com as pautas municipalistas,\u201d destacou Cinthia Ribeiro.&nbsp;<\/p>\n\n\n\n<p>Reconduzido ao cargo, o presidente da FNP e prefeito de Aracaju (SE), Edvaldo Nogueira, elogiou a atua\u00e7\u00e3o da prefeita Cinthia. \u201cTer uma mulher como uma das nossas vice-presidentes nacional&nbsp;nos enche de orgulho. Cinthia \u00e9 uma prefeita e membro da FNP muito atuante, aguerrida e comprometida.\u201d&nbsp;<\/p>\n\n\n\n<p>O cargo 3\u00aa&nbsp;Vice-presid\u00eancia foi criado neste pleito pela FNP. Os demais prefeitos revestidos neste cargo s\u00e3o: 1\u00ba vice-presidente e&nbsp;prefeito do Rio de Janeiro (RJ), Eduardo Paes; e o 2\u00ba vice-presidente e prefeito de S\u00e3o Paulo (SP), Ricardo Nunes. Anteriromente, a prefeita Cinthia estava na diretoria da FNP como vice-presidente de Rela\u00e7\u00f5es Institucionais.<\/p>\n\n\n\n<p><strong>Reforma Tribut\u00e1ria &nbsp;<\/strong><\/p>\n\n\n\n<p>A Reforma Tribut\u00e1ria foi um dos principais temas abordados na tarde desta segunda-feira, 13, durante a reuni\u00e3o geral. O debate contou com a presen\u00e7a do ministro da Fazenda, Fernando Haddad. &#8220;Esta \u00e9 uma pauta fundamental. Os munic\u00edpios n\u00e3o podem perder o repasse de determinados impostos, entre eles o ISS,\u201d lembrou a prefeita Cinthia Ribeiro.&nbsp;A FNP apoia a proposta Simplifica J\u00e1. A PEC 46\/2022 prop\u00f5e a simplifica\u00e7\u00e3o da tributa\u00e7\u00e3o dos impostos da Uni\u00e3o, estados e munic\u00edpios.&nbsp;<\/p>\n\n\n\n<p><strong>Educa\u00e7\u00e3o&nbsp;<\/strong><\/p>\n\n\n\n<p>Na agenda com o ministro da Educa\u00e7\u00e3o, Camilo Santana,&nbsp;foram tratados assuntos como o piso salarial do magist\u00e9rio, os \u00edndices de alfabetiza\u00e7\u00e3o e o ensino integral.&nbsp;Cinthia Ribeiro apresentou a atual coloca\u00e7\u00e3o de Palmas no &nbsp;\u00cdndice de Desenvolvimento da Educa\u00e7\u00e3o B\u00e1sica (Ideb), sendo primeiro lugar nos anos finais e segundo lugar nos anos iniciais, e ratificou a import\u00e2ncia de investimentos na Educa\u00e7\u00e3o. \u201cEnquanto gestores, temos a responsabilidade de fazer a educa\u00e7\u00e3o atravessar fronteiras,\u201d destacou Cinthia Ribeiro.&nbsp;<\/p>\n\n\n\n<p>O evento da FNP tamb\u00e9m teve a participa\u00e7\u00e3o da ministra da Gest\u00e3o e Inova\u00e7\u00e3o em Servi\u00e7os, Esther Dweck, que falou sobre as novas regras para as Compras P\u00fablicas e o Marco Legal das Startups.<\/p>\n\n\n\n<p>Fechando as atividades do dia, a prefeita Cinthia participou de uma reuni\u00e3o com o ministro das Rela\u00e7\u00f5es Institucionais, Alexandre Padilha,&nbsp;onde&nbsp;foram apresentados os parlamentares da bancada da FNP no Congresso Nacional. S\u00e3o ao todo 94 congressistas, quem representa o Tocantins \u00e9 o deputado federal Felipe Martins.<\/p>\n\n\n\n<p>Assessoria da Prefeita Cinthia Ribeiro,<\/p>\n","protected":false},"excerpt":{"rendered":"<p>Por aclama\u00e7\u00e3o, a prefeita de Palmas, Cinthia Ribeiro, foi eleita 3\u00aa vice-presidente da Frente Nacional de Prefeitos (FNP). A elei\u00e7\u00e3o ocorreu, na tarde desta segunda-feira, 13, durante a 84\u00aa Reuni\u00e3o Geral da FNP, em Bras\u00edlia.&nbsp;\u201cEstou muito feliz com esta elei\u00e7\u00e3o. Admiro o trabalho da Frente Nacional de Prefeitos, reconhe\u00e7o e me comprometo em continuar contribuindo [&hellip;]<\/p>\n","protected":false},"author":2,"featured_media":15088,"comment_status":"open","ping_status":"open","sticky":false,"template":"","format":"standard","meta":[],"categories":[4],"tags":[],"_links":{"self":[{"href":"https:\/\/dgospel.com.br\/portal\/index.php\/wp-json\/wp\/v2\/posts\/15087"}],"collection":[{"href":"https:\/\/dgospel.com.br\/portal\/index.php\/wp-json\/wp\/v2\/posts"}],"about":[{"href":"https:\/\/dgospel.com.br\/portal\/index.php\/wp-json\/wp\/v2\/types\/post"}],"author":[{"embeddable":true,"href":"https:\/\/dgospel.com.br\/portal\/index.php\/wp-json\/wp\/v2\/users\/2"}],"replies":[{"embeddable":true,"href":"https:\/\/dgospel.com.br\/portal\/index.php\/wp-json\/wp\/v2\/comments?post=15087"}],"version-history":[{"count":1,"href":"https:\/\/dgospel.com.br\/portal\/index.php\/wp-json\/wp\/v2\/posts\/15087\/revisions"}],"predecessor-version":[{"id":15089,"href":"https:\/\/dgospel.com.br\/portal\/index.php\/wp-json\/wp\/v2\/posts\/15087\/revisions\/15089"}],"wp:featuredmedia":[{"embeddable":true,"href":"https:\/\/dgospel.com.br\/portal\/index.php\/wp-json\/wp\/v2\/media\/15088"}],"wp:attachment":[{"href":"https:\/\/dgospel.com.br\/portal\/index.php\/wp-json\/wp\/v2\/media?parent=15087"}],"wp:term":[{"taxonomy":"category","embeddable":true,"href":"https:\/\/dgospel.com.br\/portal\/index.php\/wp-json\/wp\/v2\/categories?post=15087"},{"taxonomy":"post_tag","embeddable":true,"href":"https:\/\/dgospel.com.br\/portal\/index.php\/wp-json\/wp\/v2\/tags?post=15087"}],"curies":[{"name":"wp","href":"https:\/\/api.w.org\/{rel}","templated":true}]}}