{"id":15093,"date":"2023-03-15T00:18:18","date_gmt":"2023-03-15T03:18:18","guid":{"rendered":"http:\/\/dgospel.com.br\/portal\/?p=15093"},"modified":"2023-03-15T00:26:54","modified_gmt":"2023-03-15T03:26:54","slug":"vereador-rubens-uchoa-e-omep-repudiam-aprovacao-pela-constitucionalidade-de-linguagem-neutra-em-escolas-publicas-de-palmas-pela-ccj","status":"publish","type":"post","link":"https:\/\/dgospel.com.br\/portal\/index.php\/2023\/03\/15\/vereador-rubens-uchoa-e-omep-repudiam-aprovacao-pela-constitucionalidade-de-linguagem-neutra-em-escolas-publicas-de-palmas-pela-ccj\/","title":{"rendered":"Vereador Rubens Uchoa e OMEP repudiam aprova\u00e7\u00e3o pela constitucionalidade de linguagem neutra em escolas p\u00fablicas de Palmas pela CCJ"},"content":{"rendered":"\n<p>A Comiss\u00e3o de Constitui\u00e7\u00e3o e Justi\u00e7a (CCJ) da C\u00e2mara Municipal de Palmas aprovou pela constitucionalidade da linguagem neutra em escolas p\u00fablicas da capital, nesta ter\u00e7a-feira, 14. A mat\u00e9ria ainda ser\u00e1 votada em plen\u00e1rio da casa.<\/p>\n\n\n\n<p>Ap\u00f3s ser informado da decis\u00e3o da CCJ, o vereador Rubens Uch\u00f4a, que \u00e9 evang\u00e9lico, se manifestou contr\u00e1rio \u00e0 aprova\u00e7\u00e3o pela constitucionalidade da linguagem neutra em escolas p\u00fablicas da capital. \u201cN\u00e3o podemos aceitar ideologias radicais, que veem no aluno uma oportunidade de exercer doutrina\u00e7\u00e3o, pois a escola tem o papel de ensinar conte\u00fado \u00fatil e s\u00e9rio\u201d, disse o parlamentar.<\/p>\n\n\n\n<p>&nbsp;A OMEP (Ordem dos Ministros do Evangelho de Palmas TO) que \u00e9 formada por l\u00edderes evang\u00e9licos da capital, vem a p\u00fablico repudiar veementemente a aprova\u00e7\u00e3o pela comiss\u00e3o de constitui\u00e7\u00e3o e justi\u00e7a pela constitucionalidade da linguagem neutra em nossas escolas p\u00fablicas. Onde os vereadores M\u00e1rcio Reis, Solange Dualib e a professora Iolanda de Castro aprovaram o uso de linguagem neutra ou linguagem n\u00e3o-bin\u00e1ria nas publica\u00e7\u00f5es, propagandas publicit\u00e1rias e m\u00eddias da Prefeitura de Palmas TO.<\/p>\n\n\n\n<p>O presidente da OMEP, pastor Sebasti\u00e3o Tertuliano, afirma que o pronome neutro visa criar uma terceira op\u00e7\u00e3o para os pronomes de tratamento sob o pretexto de criar igualdade, quando na verdade modifica ilicitamente a l\u00edngua portuguesa.<\/p>\n\n\n\n<p>\u201cNos evang\u00e9licos entendemos que aos estudantes deve ser assegurado o ensino com base nas Diretrizes Curriculares Nacionais \u2013 DCN, com o Vocabul\u00e1rio Ortogr\u00e1fico da L\u00edngua Portuguesa \u2013 VOLP e com a grafia fixada no Acordo Ortogr\u00e1fico de L\u00edngua Portuguesa\u201d, diz o presidente.<\/p>\n\n\n\n<p>Em nota a OMEP explica que: \u201cA propositura ensejada est\u00e1 vindo inspirada em um forte movimento promovido pelas m\u00eddias sociais para que sejam aceitas formas de comunica\u00e7\u00e3o diversas das regras existentes, sob o pretexto de inclus\u00e3o. Entre esses movimentos, est\u00e1 o uso da chamada linguagem neutra, que se refere \u00e0quela que n\u00e3o especifica o sexo\/g\u00eanero de um indiv\u00edduo\u201d de acordo com tal linguagem, faz-se a retirada das vogais \u2018a\u2019 ou \u2018o\u2019, substituindo pela letra \u2018x\u2019, ou ainda, pela letra \u2018e\u2019, trocando-se, por exemplo, \u2018amigas\u2019 por \u2018amigues\u2019, \u2018todas\u2019 ou \u2018todos\u2019 por \u2018todes\u2019, de forma a n\u00e3o haver identifica\u00e7\u00e3o de g\u00eanero\u201d.<\/p>\n\n\n\n<p>A OMEP discorda integralmente deste movimento, primando pela postura conservadora. O pronome neutro visa criar uma terceira op\u00e7\u00e3o para os pronomes de tratamento, al\u00e9m do feminino e do masculino, sob o pretexto de criar igualdade, quando na verdade, modifica ilicitamente a l\u00edngua portuguesa.<\/p>\n\n\n\n<p>&#8220;H\u00e1 um movimento nacional para a neutraliza\u00e7\u00e3o de g\u00eanero no portugu\u00eas brasileiro no momento de se referir a uma coletividade, sem priorizar os artigos que definem sexo masculino e\/ou feminino. Entretanto, a inten\u00e7\u00e3o de se implantar a neutralidade de g\u00eaneros no idioma afronta as tradi\u00e7\u00f5es de uma grande parcela da popula\u00e7\u00e3o cujo pensamento \u00e9 conservador. Al\u00e9m disso, h\u00e1 entendimentos em todo o territ\u00f3rio nacional apontando que pronome neutro n\u00e3o traz nenhum tipo de aprimoramento para a l\u00edngua portuguesa e, pelo contr\u00e1rio, exclui os usu\u00e1rios de libras, por exemplo&#8221; diz a nota.<\/p>\n","protected":false},"excerpt":{"rendered":"<p>A Comiss\u00e3o de Constitui\u00e7\u00e3o e Justi\u00e7a (CCJ) da C\u00e2mara Municipal de Palmas aprovou pela constitucionalidade da linguagem neutra em escolas p\u00fablicas da capital, nesta ter\u00e7a-feira, 14. A mat\u00e9ria ainda ser\u00e1 votada em plen\u00e1rio da casa. Ap\u00f3s ser informado da decis\u00e3o da CCJ, o vereador Rubens Uch\u00f4a, que \u00e9 evang\u00e9lico, se manifestou contr\u00e1rio \u00e0 aprova\u00e7\u00e3o pela [&hellip;]<\/p>\n","protected":false},"author":2,"featured_media":15096,"comment_status":"open","ping_status":"open","sticky":false,"template":"","format":"standard","meta":[],"categories":[8],"tags":[],"_links":{"self":[{"href":"https:\/\/dgospel.com.br\/portal\/index.php\/wp-json\/wp\/v2\/posts\/15093"}],"collection":[{"href":"https:\/\/dgospel.com.br\/portal\/index.php\/wp-json\/wp\/v2\/posts"}],"about":[{"href":"https:\/\/dgospel.com.br\/portal\/index.php\/wp-json\/wp\/v2\/types\/post"}],"author":[{"embeddable":true,"href":"https:\/\/dgospel.com.br\/portal\/index.php\/wp-json\/wp\/v2\/users\/2"}],"replies":[{"embeddable":true,"href":"https:\/\/dgospel.com.br\/portal\/index.php\/wp-json\/wp\/v2\/comments?post=15093"}],"version-history":[{"count":2,"href":"https:\/\/dgospel.com.br\/portal\/index.php\/wp-json\/wp\/v2\/posts\/15093\/revisions"}],"predecessor-version":[{"id":15098,"href":"https:\/\/dgospel.com.br\/portal\/index.php\/wp-json\/wp\/v2\/posts\/15093\/revisions\/15098"}],"wp:featuredmedia":[{"embeddable":true,"href":"https:\/\/dgospel.com.br\/portal\/index.php\/wp-json\/wp\/v2\/media\/15096"}],"wp:attachment":[{"href":"https:\/\/dgospel.com.br\/portal\/index.php\/wp-json\/wp\/v2\/media?parent=15093"}],"wp:term":[{"taxonomy":"category","embeddable":true,"href":"https:\/\/dgospel.com.br\/portal\/index.php\/wp-json\/wp\/v2\/categories?post=15093"},{"taxonomy":"post_tag","embeddable":true,"href":"https:\/\/dgospel.com.br\/portal\/index.php\/wp-json\/wp\/v2\/tags?post=15093"}],"curies":[{"name":"wp","href":"https:\/\/api.w.org\/{rel}","templated":true}]}}