{"id":15099,"date":"2023-03-15T15:51:51","date_gmt":"2023-03-15T18:51:51","guid":{"rendered":"http:\/\/dgospel.com.br\/portal\/?p=15099"},"modified":"2023-03-15T15:51:53","modified_gmt":"2023-03-15T18:51:53","slug":"pesquisa-94-do-mercado-diz-que-nao-confia-em-lula","status":"publish","type":"post","link":"https:\/\/dgospel.com.br\/portal\/index.php\/2023\/03\/15\/pesquisa-94-do-mercado-diz-que-nao-confia-em-lula\/","title":{"rendered":"Pesquisa: 94% do mercado diz que n\u00e3o confia em Lula"},"content":{"rendered":"\n<p>Uma pesquisa realizada pela consultoria Quaest entre os dias 10 e 13 de mar\u00e7o, com 82 executivos e economistas de fundos de investimentos com sede em S\u00e3o Paulo e no Rio de Janeiro, apontou que 94% do mercado n\u00e3o confia no presidente&nbsp;<a href=\"http:\/\/pleno.news\/tag\/lula\" target=\"_blank\" rel=\"noreferrer noopener\">Luiz In\u00e1cio Lula da Silva<\/a>&nbsp;(PT). O levantamento foi divulgado nesta quarta-feira (15).<\/p>\n\n\n\n<p>De acordo com a consulta, apenas 1% dos entrevistados disseram confiar \u201cmuito\u201d no atual chefe do Executivo, enquanto 5% responderam que confiam \u201cmais ou menos\u201d no petista. A desconfian\u00e7a registrada por Lula tamb\u00e9m se estendeu para a presidente do\u00a0<a rel=\"noreferrer noopener\" href=\"http:\/\/pleno.news\/tag\/pt\" target=\"_blank\">PT<\/a>, Gleisi Hoffmann, e para o presidente do BNDES, Aloizio Mercadante, cuja desconfian\u00e7a foi de 98% do mercado.<\/p>\n\n\n\n<p>Por outro lado, um dos principais alvos da ira recente de Lula, o atual presidente do Banco Central (BC), Roberto Campos Neto, registrou uma boa avalia\u00e7\u00e3o do mercado. Ao todo, 68% dos executivos disseram confiar \u201cmuito\u201d no dirigente da autarquia, enquanto 30% responderam que confiam \u201cmais ou menos\u201d. Apenas 2% registraram que n\u00e3o confiam no chefe da institui\u00e7\u00e3o.<\/p>\n\n\n\n<p>O governador de S\u00e3o Paulo, Tarc\u00edsio de Freitas (Republicanos), tamb\u00e9m teve um bom \u00edndice de aprova\u00e7\u00e3o no mercado. Do total de entrevistados, 41% disseram confiar \u201cmuito\u201d no gestor estadual. J\u00e1 48% registraram que confiam \u201cmais ou menos\u201d no chefe do Executivo. Outros 11% disseram n\u00e3o confiar em Tarc\u00edsio.<\/p>\n","protected":false},"excerpt":{"rendered":"<p>Uma pesquisa realizada pela consultoria Quaest entre os dias 10 e 13 de mar\u00e7o, com 82 executivos e economistas de fundos de investimentos com sede em S\u00e3o Paulo e no Rio de Janeiro, apontou que 94% do mercado n\u00e3o confia no presidente&nbsp;Luiz In\u00e1cio Lula da Silva&nbsp;(PT). O levantamento foi divulgado nesta quarta-feira (15). De acordo [&hellip;]<\/p>\n","protected":false},"author":2,"featured_media":15100,"comment_status":"open","ping_status":"open","sticky":false,"template":"","format":"standard","meta":[],"categories":[10],"tags":[],"_links":{"self":[{"href":"https:\/\/dgospel.com.br\/portal\/index.php\/wp-json\/wp\/v2\/posts\/15099"}],"collection":[{"href":"https:\/\/dgospel.com.br\/portal\/index.php\/wp-json\/wp\/v2\/posts"}],"about":[{"href":"https:\/\/dgospel.com.br\/portal\/index.php\/wp-json\/wp\/v2\/types\/post"}],"author":[{"embeddable":true,"href":"https:\/\/dgospel.com.br\/portal\/index.php\/wp-json\/wp\/v2\/users\/2"}],"replies":[{"embeddable":true,"href":"https:\/\/dgospel.com.br\/portal\/index.php\/wp-json\/wp\/v2\/comments?post=15099"}],"version-history":[{"count":1,"href":"https:\/\/dgospel.com.br\/portal\/index.php\/wp-json\/wp\/v2\/posts\/15099\/revisions"}],"predecessor-version":[{"id":15101,"href":"https:\/\/dgospel.com.br\/portal\/index.php\/wp-json\/wp\/v2\/posts\/15099\/revisions\/15101"}],"wp:featuredmedia":[{"embeddable":true,"href":"https:\/\/dgospel.com.br\/portal\/index.php\/wp-json\/wp\/v2\/media\/15100"}],"wp:attachment":[{"href":"https:\/\/dgospel.com.br\/portal\/index.php\/wp-json\/wp\/v2\/media?parent=15099"}],"wp:term":[{"taxonomy":"category","embeddable":true,"href":"https:\/\/dgospel.com.br\/portal\/index.php\/wp-json\/wp\/v2\/categories?post=15099"},{"taxonomy":"post_tag","embeddable":true,"href":"https:\/\/dgospel.com.br\/portal\/index.php\/wp-json\/wp\/v2\/tags?post=15099"}],"curies":[{"name":"wp","href":"https:\/\/api.w.org\/{rel}","templated":true}]}}