{"id":15102,"date":"2023-03-15T15:53:25","date_gmt":"2023-03-15T18:53:25","guid":{"rendered":"http:\/\/dgospel.com.br\/portal\/?p=15102"},"modified":"2023-03-15T15:53:27","modified_gmt":"2023-03-15T18:53:27","slug":"estado-islamico-mata-40-cristaos-na-africa","status":"publish","type":"post","link":"https:\/\/dgospel.com.br\/portal\/index.php\/2023\/03\/15\/estado-islamico-mata-40-cristaos-na-africa\/","title":{"rendered":"Estado Isl\u00e2mico mata 40 crist\u00e3os na \u00c1frica"},"content":{"rendered":"\n<p>O Estado Isl\u00e2mico assumiu a responsabilidade pelo ataque a um vilarejo no estado de Kivu do Norte, Leste da Rep\u00fablica Democr\u00e1tica do Congo. O atentado deixou 40 crist\u00e3os mortos e um rastro de destrui\u00e7\u00e3o.<\/p>\n\n\n\n<p>\u2013 Matamos os crist\u00e3os com armas e facas e destru\u00edmos as propriedades deles na vila de Mukondi \u2013 disseram os extremistas em pronunciamento para ag\u00eancia de not\u00edcias no dia 9 de mar\u00e7o.<\/p>\n\n\n\n<p>Fotos das casas em chamas foram compartilhadas por outras ag\u00eancias de m\u00eddia confirmando o ataque. De acordo com autoridades locais, ao menos 45 pessoas foram assassinadas em ataques \u00e0s vilas no estado de Kivu do Norte na \u00faltima semana. Nesse grupo, 40 eram crist\u00e3os confirmou um parceiro local da organiza\u00e7\u00e3o crist\u00e3 Portas Abertas.<\/p>\n\n\n\n<p><strong>Alian\u00e7a extremista<\/strong><br>O ataque do Estado Isl\u00e2mico se soma ao contexto violento que as For\u00e7as Aliadas Democr\u00e1ticas (ADF, da sigla em ingl\u00eas), um grupo extremista aliado ao Estado Isl\u00e2mico, vem semeando h\u00e1 ao<br>menos dois anos.<\/p>\n\n\n\n<p>No s\u00e1bado (11), outro ataque matou ao menos 22 crist\u00e3os na cidade de Kirindera, tamb\u00e9m no estado de Kivu do Norte. Fontes locais contaram \u00e0 Portas Abertas que o grupo ADF atacou uma cl\u00ednica de sa\u00fade, um hospital e um hotel.<\/p>\n\n\n\n<p>Outros ataques recentes resultaram em igrejas bombardeadas, propriedades crist\u00e3s, como hospitais, destru\u00eddos e um n\u00famero crescente de crist\u00e3os mortos e de deslocados internos.<\/p>\n\n\n\n<p><strong>Persegui\u00e7\u00e3o a crist\u00e3os<\/strong><br>A Rep\u00fablica Democr\u00e1tica do Congo est\u00e1 na 37\u00aa posi\u00e7\u00e3o na Lista Mundial da Persegui\u00e7\u00e3o 2023, que classifica os 50 pa\u00edses onde os crist\u00e3os s\u00e3o mais perseguidos.<\/p>\n\n\n\n<p>O Leste do pa\u00eds \u00e9 uma regi\u00e3o perigosa para os crist\u00e3os. Grupos rebeldes est\u00e3o disputando o controle da regi\u00e3o. Um deles \u00e9 o grupo extremista isl\u00e2mico For\u00e7as Aliadas Democr\u00e1ticas (ADF, da sigla em ingl\u00eas), que realizou ataques p\u00fablicos e brutais contra comunidades e igrejas crist\u00e3s.<\/p>\n\n\n\n<p>Os crist\u00e3os que vivem nessa regi\u00e3o est\u00e3o sob constante amea\u00e7a de sequestros e ataques violentos. O grupo ADF sequestra e violenta sexualmente mulheres e as subjuga a casamentos for\u00e7ados com soldados da mil\u00edcia. Dessa forma, eles mant\u00eam as crist\u00e3s como um tipo de \u201ctrof\u00e9u\u201d que exibe o poder e a vit\u00f3ria do grupo.<\/p>\n","protected":false},"excerpt":{"rendered":"<p>O Estado Isl\u00e2mico assumiu a responsabilidade pelo ataque a um vilarejo no estado de Kivu do Norte, Leste da Rep\u00fablica Democr\u00e1tica do Congo. O atentado deixou 40 crist\u00e3os mortos e um rastro de destrui\u00e7\u00e3o. \u2013 Matamos os crist\u00e3os com armas e facas e destru\u00edmos as propriedades deles na vila de Mukondi \u2013 disseram os extremistas [&hellip;]<\/p>\n","protected":false},"author":2,"featured_media":15103,"comment_status":"open","ping_status":"open","sticky":false,"template":"","format":"standard","meta":[],"categories":[5],"tags":[],"_links":{"self":[{"href":"https:\/\/dgospel.com.br\/portal\/index.php\/wp-json\/wp\/v2\/posts\/15102"}],"collection":[{"href":"https:\/\/dgospel.com.br\/portal\/index.php\/wp-json\/wp\/v2\/posts"}],"about":[{"href":"https:\/\/dgospel.com.br\/portal\/index.php\/wp-json\/wp\/v2\/types\/post"}],"author":[{"embeddable":true,"href":"https:\/\/dgospel.com.br\/portal\/index.php\/wp-json\/wp\/v2\/users\/2"}],"replies":[{"embeddable":true,"href":"https:\/\/dgospel.com.br\/portal\/index.php\/wp-json\/wp\/v2\/comments?post=15102"}],"version-history":[{"count":1,"href":"https:\/\/dgospel.com.br\/portal\/index.php\/wp-json\/wp\/v2\/posts\/15102\/revisions"}],"predecessor-version":[{"id":15104,"href":"https:\/\/dgospel.com.br\/portal\/index.php\/wp-json\/wp\/v2\/posts\/15102\/revisions\/15104"}],"wp:featuredmedia":[{"embeddable":true,"href":"https:\/\/dgospel.com.br\/portal\/index.php\/wp-json\/wp\/v2\/media\/15103"}],"wp:attachment":[{"href":"https:\/\/dgospel.com.br\/portal\/index.php\/wp-json\/wp\/v2\/media?parent=15102"}],"wp:term":[{"taxonomy":"category","embeddable":true,"href":"https:\/\/dgospel.com.br\/portal\/index.php\/wp-json\/wp\/v2\/categories?post=15102"},{"taxonomy":"post_tag","embeddable":true,"href":"https:\/\/dgospel.com.br\/portal\/index.php\/wp-json\/wp\/v2\/tags?post=15102"}],"curies":[{"name":"wp","href":"https:\/\/api.w.org\/{rel}","templated":true}]}}