{"id":15105,"date":"2023-03-15T15:55:23","date_gmt":"2023-03-15T18:55:23","guid":{"rendered":"http:\/\/dgospel.com.br\/portal\/?p=15105"},"modified":"2023-03-15T15:55:24","modified_gmt":"2023-03-15T18:55:24","slug":"para-98-do-mercado-governo-lula-erra-na-politica-economica","status":"publish","type":"post","link":"https:\/\/dgospel.com.br\/portal\/index.php\/2023\/03\/15\/para-98-do-mercado-governo-lula-erra-na-politica-economica\/","title":{"rendered":"Para 98% do mercado, governo Lula erra na pol\u00edtica econ\u00f4mica"},"content":{"rendered":"\n<p>Uma pesquisa realizada pela consultoria Quaest apurou que 98% dos executivos do mercado financeiro acreditam que a pol\u00edtica econ\u00f4mica do governo&nbsp;<a href=\"http:\/\/pleno.news\/tag\/lula\" target=\"_blank\" rel=\"noreferrer noopener\">Lula<\/a>&nbsp;(PT) est\u00e1 na dire\u00e7\u00e3o errada. O levantamento foi feito entre os dias 10 e 13 de mar\u00e7o com 82 executivos e economistas de fundos de investimento sediados em S\u00e3o Paulo e no Rio de Janeiro.<\/p>\n\n\n\n<p>Segundo a pesquisa, apenas 6% dos entrevistados acham que a economia vai melhorar nos pr\u00f3ximos 12 meses, enquanto 78% consideram que haver\u00e1 piora. Os outros 16% acreditam que o cen\u00e1rio deve permanecer do mesmo jeito. J\u00e1 sobre a possibilidade de o Brasil viver uma recess\u00e3o neste ano, 73% disseram crer nesse progn\u00f3stico, enquanto outros 27% recha\u00e7am essa ideia.<\/p>\n\n\n\n<p>O mercado tamb\u00e9m avaliou o trabalho do ministro da Fazenda,&nbsp;<a href=\"http:\/\/pleno.news\/tag\/fernando-haddad\" target=\"_blank\" rel=\"noreferrer noopener\">Fernando Haddad<\/a>. Para 52% dos entrevistados, a atua\u00e7\u00e3o do chefe da pasta econ\u00f4mica \u00e9 regular, enquanto que para 38% ela \u00e9 negativa. Apenas 10% consideram o trabalho de Haddad como positivo.<\/p>\n\n\n\n<p>J\u00e1 sobre a confian\u00e7a em Haddad, 1% dos executivos disseram confiar \u201cmuito\u201d no ministro. Outros 66% declaram confiar \u201cpouco ou nada\u201d no petista, enquanto 33% disseram confiar \u201cmais ou menos\u201d no chefe da pasta federal.<\/p>\n","protected":false},"excerpt":{"rendered":"<p>Uma pesquisa realizada pela consultoria Quaest apurou que 98% dos executivos do mercado financeiro acreditam que a pol\u00edtica econ\u00f4mica do governo&nbsp;Lula&nbsp;(PT) est\u00e1 na dire\u00e7\u00e3o errada. O levantamento foi feito entre os dias 10 e 13 de mar\u00e7o com 82 executivos e economistas de fundos de investimento sediados em S\u00e3o Paulo e no Rio de Janeiro. [&hellip;]<\/p>\n","protected":false},"author":2,"featured_media":15106,"comment_status":"open","ping_status":"open","sticky":false,"template":"","format":"standard","meta":[],"categories":[4],"tags":[],"_links":{"self":[{"href":"https:\/\/dgospel.com.br\/portal\/index.php\/wp-json\/wp\/v2\/posts\/15105"}],"collection":[{"href":"https:\/\/dgospel.com.br\/portal\/index.php\/wp-json\/wp\/v2\/posts"}],"about":[{"href":"https:\/\/dgospel.com.br\/portal\/index.php\/wp-json\/wp\/v2\/types\/post"}],"author":[{"embeddable":true,"href":"https:\/\/dgospel.com.br\/portal\/index.php\/wp-json\/wp\/v2\/users\/2"}],"replies":[{"embeddable":true,"href":"https:\/\/dgospel.com.br\/portal\/index.php\/wp-json\/wp\/v2\/comments?post=15105"}],"version-history":[{"count":1,"href":"https:\/\/dgospel.com.br\/portal\/index.php\/wp-json\/wp\/v2\/posts\/15105\/revisions"}],"predecessor-version":[{"id":15107,"href":"https:\/\/dgospel.com.br\/portal\/index.php\/wp-json\/wp\/v2\/posts\/15105\/revisions\/15107"}],"wp:featuredmedia":[{"embeddable":true,"href":"https:\/\/dgospel.com.br\/portal\/index.php\/wp-json\/wp\/v2\/media\/15106"}],"wp:attachment":[{"href":"https:\/\/dgospel.com.br\/portal\/index.php\/wp-json\/wp\/v2\/media?parent=15105"}],"wp:term":[{"taxonomy":"category","embeddable":true,"href":"https:\/\/dgospel.com.br\/portal\/index.php\/wp-json\/wp\/v2\/categories?post=15105"},{"taxonomy":"post_tag","embeddable":true,"href":"https:\/\/dgospel.com.br\/portal\/index.php\/wp-json\/wp\/v2\/tags?post=15105"}],"curies":[{"name":"wp","href":"https:\/\/api.w.org\/{rel}","templated":true}]}}