{"id":1511,"date":"2018-10-05T13:04:52","date_gmt":"2018-10-05T16:04:52","guid":{"rendered":"http:\/\/dgospel.com.br\/portal\/?p=1511"},"modified":"2018-10-05T13:04:52","modified_gmt":"2018-10-05T16:04:52","slug":"multidao-em-araguaina-reforca-sentimento-de-vitoria-de-carlesse-em-primeiro-turno","status":"publish","type":"post","link":"https:\/\/dgospel.com.br\/portal\/index.php\/2018\/10\/05\/multidao-em-araguaina-reforca-sentimento-de-vitoria-de-carlesse-em-primeiro-turno\/","title":{"rendered":"Multid\u00e3o em Aragua\u00edna refor\u00e7a sentimento de vit\u00f3ria de Carlesse em primeiro turno"},"content":{"rendered":"<p class=\"yiv1128617775MsoNormal\">A indica\u00e7\u00e3o, pela maioria dos institutos de pesquisas, de vit\u00f3ria de Mauro Carlesse no primeiro turno, teve a comprova\u00e7\u00e3o nas ruas, no \u00faltimo com\u00edcio da campanha, realizado em Aragua\u00edna, na noite desta quinta-feira, 4. Milhares de pessoas lotaram a Pra\u00e7a da Bandeira, local hist\u00f3rico das grandes concentra\u00e7\u00f5es na cidade, para manifestar apoio ao Governador e candidato \u00e0 reelei\u00e7\u00e3o.<\/p>\n<p class=\"yiv1128617775MsoNormal\">\n<p class=\"yiv1128617775MsoNormal\">&#8220;Agrade\u00e7o a todos voc\u00eas que me acolheram desde a elei\u00e7\u00e3o suplementar. Aragua\u00edna \u00e9 especial pra mim e paro o Tocantins, e podem contar com nosso Governo nas transforma\u00e7\u00f5es que a cidade precisa. Obrigado Tocantins. Todas as pesquisas apontam nossa grande vit\u00f3ria e eu saberei retribuir com muito trabalho cada voto recebido&#8221;, disse Carlesse.<\/p>\n<p class=\"yiv1128617775MsoNormal\">\n<p class=\"yiv1128617775MsoNormal\">O prefeito Ronaldo Dimas definiu como m\u00e1gica a a\u00e7\u00e3o do Governo Carlesse em Aragua\u00edna e no Tocantins. &#8220;Costumamos dizer que n\u00e3o h\u00e1 m\u00e1gica para a solu\u00e7\u00e3o de problemas, mas o que o Carlesse est\u00e1 fazendo em t\u00e3o pouco tempo em Aragua\u00edna \u00e9 algo extraordin\u00e1rio, m\u00e1gico. Imaginem o que poderemos fazer em quatro anos com a recondu\u00e7\u00e3o de Carlesse ao Governo&#8221;, disse o gestor municipal.<\/p>\n<p class=\"yiv1128617775MsoNormal\">\n<p class=\"yiv1128617775MsoNormal\">O com\u00edcio em Aragua\u00edna teve a participa\u00e7\u00e3o do vice-governador Wanderlei Barbosa, dos candidatos ao Senado Cesar Halum e Eduardo Gomes, deputados estaduais e federais, prefeitos, vereadores e muitos l\u00edderes da regi\u00e3o Norte do Estado. Carlesse realiza o \u00faltimo ato desta campanha, no s\u00e1bado, 6, com uma grande caminhada na Avenida Tocantins, em Taquaralto.<\/p>\n","protected":false},"excerpt":{"rendered":"<p>A indica\u00e7\u00e3o, pela maioria dos institutos de pesquisas, de vit\u00f3ria de Mauro Carlesse no primeiro turno, teve a comprova\u00e7\u00e3o nas ruas, no \u00faltimo com\u00edcio da campanha, realizado em Aragua\u00edna, na noite desta quinta-feira, 4. Milhares de pessoas lotaram a Pra\u00e7a da Bandeira, local hist\u00f3rico das grandes concentra\u00e7\u00f5es na cidade, para manifestar apoio ao Governador e [&hellip;]<\/p>\n","protected":false},"author":2,"featured_media":1512,"comment_status":"open","ping_status":"open","sticky":false,"template":"","format":"standard","meta":[],"categories":[2,4],"tags":[],"_links":{"self":[{"href":"https:\/\/dgospel.com.br\/portal\/index.php\/wp-json\/wp\/v2\/posts\/1511"}],"collection":[{"href":"https:\/\/dgospel.com.br\/portal\/index.php\/wp-json\/wp\/v2\/posts"}],"about":[{"href":"https:\/\/dgospel.com.br\/portal\/index.php\/wp-json\/wp\/v2\/types\/post"}],"author":[{"embeddable":true,"href":"https:\/\/dgospel.com.br\/portal\/index.php\/wp-json\/wp\/v2\/users\/2"}],"replies":[{"embeddable":true,"href":"https:\/\/dgospel.com.br\/portal\/index.php\/wp-json\/wp\/v2\/comments?post=1511"}],"version-history":[{"count":1,"href":"https:\/\/dgospel.com.br\/portal\/index.php\/wp-json\/wp\/v2\/posts\/1511\/revisions"}],"predecessor-version":[{"id":1513,"href":"https:\/\/dgospel.com.br\/portal\/index.php\/wp-json\/wp\/v2\/posts\/1511\/revisions\/1513"}],"wp:featuredmedia":[{"embeddable":true,"href":"https:\/\/dgospel.com.br\/portal\/index.php\/wp-json\/wp\/v2\/media\/1512"}],"wp:attachment":[{"href":"https:\/\/dgospel.com.br\/portal\/index.php\/wp-json\/wp\/v2\/media?parent=1511"}],"wp:term":[{"taxonomy":"category","embeddable":true,"href":"https:\/\/dgospel.com.br\/portal\/index.php\/wp-json\/wp\/v2\/categories?post=1511"},{"taxonomy":"post_tag","embeddable":true,"href":"https:\/\/dgospel.com.br\/portal\/index.php\/wp-json\/wp\/v2\/tags?post=1511"}],"curies":[{"name":"wp","href":"https:\/\/api.w.org\/{rel}","templated":true}]}}