{"id":15111,"date":"2023-03-15T15:59:56","date_gmt":"2023-03-15T18:59:56","guid":{"rendered":"http:\/\/dgospel.com.br\/portal\/?p=15111"},"modified":"2023-03-15T15:59:57","modified_gmt":"2023-03-15T18:59:57","slug":"igreja-batista-atitude-promove-conferencia-atitude-brasil","status":"publish","type":"post","link":"https:\/\/dgospel.com.br\/portal\/index.php\/2023\/03\/15\/igreja-batista-atitude-promove-conferencia-atitude-brasil\/","title":{"rendered":"Igreja Batista Atitude promove Confer\u00eancia Atitude Brasil"},"content":{"rendered":"\n<p>A Igreja Batista Atitude, presidida pelo pastor Josu\u00e9 Valandro Jr., realizar\u00e1 mais uma edi\u00e7\u00e3o da Confer\u00eancia Atitude Brasil. A programa\u00e7\u00e3o acontecer\u00e1 nos dias 24 e 25 de mar\u00e7o, sexta e s\u00e1bado, na sede da igreja, que fica na Barra da Tijuca, Zona Oeste do Rio de Janeiro.<\/p>\n\n\n\n<p>Com o tema\u00a0<em>Paix\u00e3o por Alma<\/em>s, o evento gratuito reunir\u00e1 Nivea Soares, Andr\u00e9 Fernandes, Hernandes Dias Lopes, Lukas Agustinho, Douglas Gon\u00e7alves (Jesus Copy), bispo Robson Rodovalho, Andr\u00e9 Leono, Philipe C\u00e2mara, Edson Rebustini e Minist\u00e9rio Atitude.<\/p>\n\n\n\n<p>\u2013 Diante da crueldade humana, ego\u00edsmo e doen\u00e7as psicossom\u00e1ticas que crescem na sociedade \u00e9 f\u00e1cil perceber que somente o milagre divino pode construir uma nova hist\u00f3ria na vida de algu\u00e9m. \u00c9 tempo de arrancarmos da alma tudo aquilo que impede de vivermos as promessas de Deus \u2013 anuncia a organiza\u00e7\u00e3o.<\/p>\n\n\n\n<figure class=\"wp-block-embed is-type-video is-provider-youtube wp-block-embed-youtube wp-embed-aspect-16-9 wp-has-aspect-ratio\"><div class=\"wp-block-embed__wrapper\">\n<iframe loading=\"lazy\" title=\"Confer\u00eancia Atitude Brasil 2023 | Totalmente Gratuito\" width=\"630\" height=\"354\" src=\"https:\/\/www.youtube.com\/embed\/vtKYFtfUnBg?feature=oembed\" frameborder=\"0\" allow=\"accelerometer; autoplay; clipboard-write; encrypted-media; gyroscope; picture-in-picture; web-share\" allowfullscreen><\/iframe>\n<\/div><\/figure>\n\n\n\n<p><strong>CONFER\u00caNCIA ATITUDE BRASIL<br><\/strong>Tema: Paix\u00e3o por Almas<br>Data: 24 e 25 de Mar\u00e7o<br>Hor\u00e1rio: A partir de 19h30 (sexta) e das 8h \u00e0s 22h (s\u00e1bado)<br>Inscri\u00e7\u00e3o:\u00a0<a rel=\"noreferrer noopener\" href=\"http:\/\/www.ibatitude.com.br\/\" target=\"_blank\">www.ibatitude.com.br<\/a><br>Endere\u00e7o: Rua Sylvio da Rocha Pollis, 751, Barra da Tijuca<br>Informa\u00e7\u00f5es: (21) 2430-2750<\/p>\n","protected":false},"excerpt":{"rendered":"<p>A Igreja Batista Atitude, presidida pelo pastor Josu\u00e9 Valandro Jr., realizar\u00e1 mais uma edi\u00e7\u00e3o da Confer\u00eancia Atitude Brasil. A programa\u00e7\u00e3o acontecer\u00e1 nos dias 24 e 25 de mar\u00e7o, sexta e s\u00e1bado, na sede da igreja, que fica na Barra da Tijuca, Zona Oeste do Rio de Janeiro. Com o tema\u00a0Paix\u00e3o por Almas, o evento gratuito [&hellip;]<\/p>\n","protected":false},"author":2,"featured_media":15112,"comment_status":"open","ping_status":"open","sticky":false,"template":"","format":"standard","meta":[],"categories":[5],"tags":[],"_links":{"self":[{"href":"https:\/\/dgospel.com.br\/portal\/index.php\/wp-json\/wp\/v2\/posts\/15111"}],"collection":[{"href":"https:\/\/dgospel.com.br\/portal\/index.php\/wp-json\/wp\/v2\/posts"}],"about":[{"href":"https:\/\/dgospel.com.br\/portal\/index.php\/wp-json\/wp\/v2\/types\/post"}],"author":[{"embeddable":true,"href":"https:\/\/dgospel.com.br\/portal\/index.php\/wp-json\/wp\/v2\/users\/2"}],"replies":[{"embeddable":true,"href":"https:\/\/dgospel.com.br\/portal\/index.php\/wp-json\/wp\/v2\/comments?post=15111"}],"version-history":[{"count":1,"href":"https:\/\/dgospel.com.br\/portal\/index.php\/wp-json\/wp\/v2\/posts\/15111\/revisions"}],"predecessor-version":[{"id":15113,"href":"https:\/\/dgospel.com.br\/portal\/index.php\/wp-json\/wp\/v2\/posts\/15111\/revisions\/15113"}],"wp:featuredmedia":[{"embeddable":true,"href":"https:\/\/dgospel.com.br\/portal\/index.php\/wp-json\/wp\/v2\/media\/15112"}],"wp:attachment":[{"href":"https:\/\/dgospel.com.br\/portal\/index.php\/wp-json\/wp\/v2\/media?parent=15111"}],"wp:term":[{"taxonomy":"category","embeddable":true,"href":"https:\/\/dgospel.com.br\/portal\/index.php\/wp-json\/wp\/v2\/categories?post=15111"},{"taxonomy":"post_tag","embeddable":true,"href":"https:\/\/dgospel.com.br\/portal\/index.php\/wp-json\/wp\/v2\/tags?post=15111"}],"curies":[{"name":"wp","href":"https:\/\/api.w.org\/{rel}","templated":true}]}}