{"id":15114,"date":"2023-03-15T16:59:16","date_gmt":"2023-03-15T19:59:16","guid":{"rendered":"http:\/\/dgospel.com.br\/portal\/?p=15114"},"modified":"2023-03-15T16:59:17","modified_gmt":"2023-03-15T19:59:17","slug":"universal-nos-presidios-faz-segunda-exposicao-sobre-trabalho-do-grupo","status":"publish","type":"post","link":"https:\/\/dgospel.com.br\/portal\/index.php\/2023\/03\/15\/universal-nos-presidios-faz-segunda-exposicao-sobre-trabalho-do-grupo\/","title":{"rendered":"Universal nos Pres\u00eddios faz segunda exposi\u00e7\u00e3o sobre trabalho do grupo"},"content":{"rendered":"\n<p>Desta vez o grupo fez uma alus\u00e3o a pris\u00e3o do seu l\u00edder Bispo Edir Macedo que em 1992 foi encarcerado injustamente por proferir a f\u00e9.<\/p>\n\n\n\n<p><\/p>\n\n\n\n<figure class=\"wp-block-image size-full\"><img loading=\"lazy\" width=\"423\" height=\"328\" src=\"http:\/\/dgospel.com.br\/portal\/wp-content\/uploads\/2023\/03\/00000000-2.jpg\" alt=\"\" class=\"wp-image-15115\" srcset=\"https:\/\/dgospel.com.br\/portal\/wp-content\/uploads\/2023\/03\/00000000-2.jpg 423w, https:\/\/dgospel.com.br\/portal\/wp-content\/uploads\/2023\/03\/00000000-2-300x233.jpg 300w\" sizes=\"(max-width: 423px) 100vw, 423px\" \/><\/figure>\n\n\n\n<p>Nesse dia em que o grupo foi consagrado pelo Bispo Alessadre Freitas, respons\u00e1vel pela Igreja Universal no estado do Tocantins.<\/p>\n\n\n\n<p>&nbsp;O grupo fez uma exposi\u00e7\u00e3o mostrando todo o trabalho desenvolvido pela UNP (Universal nos Pres\u00eddios) em Palmas.<\/p>\n\n\n\n<p>\u00a0\u201cO trabalho do grupo universal dos pres\u00eddios \u00e9 fundamental para recupera\u00e7\u00e3o de homens e mulheres. Damos a eles a oportunidade de come\u00e7ar uma nova vida. A ideia de fazer uma exposi\u00e7\u00e3o \u00e9 mostrar a import\u00e2ncia do trabalho para que outras pessoas tenham a oportunidade de conhecer o grupo, e que tamb\u00e9m possam se tornar volunt\u00e1rio\u201d disse o pastor Rog\u00e9rio Santos, respons\u00e1vel pelo trabalho da UNP no Tocantins.<\/p>\n\n\n\n<p><\/p>\n\n\n\n<figure class=\"wp-block-image size-full\"><img loading=\"lazy\" width=\"751\" height=\"486\" src=\"http:\/\/dgospel.com.br\/portal\/wp-content\/uploads\/2023\/03\/000000000-3.jpg\" alt=\"\" class=\"wp-image-15116\" srcset=\"https:\/\/dgospel.com.br\/portal\/wp-content\/uploads\/2023\/03\/000000000-3.jpg 751w, https:\/\/dgospel.com.br\/portal\/wp-content\/uploads\/2023\/03\/000000000-3-300x194.jpg 300w, https:\/\/dgospel.com.br\/portal\/wp-content\/uploads\/2023\/03\/000000000-3-120x78.jpg 120w\" sizes=\"(max-width: 751px) 100vw, 751px\" \/><\/figure>\n\n\n\n<p>&nbsp;A exposi\u00e7\u00e3o mostrou o trabalho por meio de fotos e banners, como \u00e9 realizado o trabalho, desde visitas aos pres\u00eddios e \u00e0s casas dos familiares, o atendimento espiritual dos detentos e das fam\u00edlias, at\u00e9 as a\u00e7\u00f5es sociais como a distribui\u00e7\u00e3o de cestas b\u00e1sicas e itens de higiene pessoal.<\/p>\n\n\n\n<p>&nbsp;Al\u00e9m isso tamb\u00e9m foi exposto o desenvolvimento a realiza\u00e7\u00e3o de cursos profissionalizantes e assist\u00eancia oferecida aos funcion\u00e1rios dos pres\u00eddios, entre outras atividades.<\/p>\n","protected":false},"excerpt":{"rendered":"<p>Desta vez o grupo fez uma alus\u00e3o a pris\u00e3o do seu l\u00edder Bispo Edir Macedo que em 1992 foi encarcerado injustamente por proferir a f\u00e9. Nesse dia em que o grupo foi consagrado pelo Bispo Alessadre Freitas, respons\u00e1vel pela Igreja Universal no estado do Tocantins. &nbsp;O grupo fez uma exposi\u00e7\u00e3o mostrando todo o trabalho desenvolvido [&hellip;]<\/p>\n","protected":false},"author":2,"featured_media":15117,"comment_status":"open","ping_status":"open","sticky":false,"template":"","format":"standard","meta":[],"categories":[5],"tags":[],"_links":{"self":[{"href":"https:\/\/dgospel.com.br\/portal\/index.php\/wp-json\/wp\/v2\/posts\/15114"}],"collection":[{"href":"https:\/\/dgospel.com.br\/portal\/index.php\/wp-json\/wp\/v2\/posts"}],"about":[{"href":"https:\/\/dgospel.com.br\/portal\/index.php\/wp-json\/wp\/v2\/types\/post"}],"author":[{"embeddable":true,"href":"https:\/\/dgospel.com.br\/portal\/index.php\/wp-json\/wp\/v2\/users\/2"}],"replies":[{"embeddable":true,"href":"https:\/\/dgospel.com.br\/portal\/index.php\/wp-json\/wp\/v2\/comments?post=15114"}],"version-history":[{"count":1,"href":"https:\/\/dgospel.com.br\/portal\/index.php\/wp-json\/wp\/v2\/posts\/15114\/revisions"}],"predecessor-version":[{"id":15118,"href":"https:\/\/dgospel.com.br\/portal\/index.php\/wp-json\/wp\/v2\/posts\/15114\/revisions\/15118"}],"wp:featuredmedia":[{"embeddable":true,"href":"https:\/\/dgospel.com.br\/portal\/index.php\/wp-json\/wp\/v2\/media\/15117"}],"wp:attachment":[{"href":"https:\/\/dgospel.com.br\/portal\/index.php\/wp-json\/wp\/v2\/media?parent=15114"}],"wp:term":[{"taxonomy":"category","embeddable":true,"href":"https:\/\/dgospel.com.br\/portal\/index.php\/wp-json\/wp\/v2\/categories?post=15114"},{"taxonomy":"post_tag","embeddable":true,"href":"https:\/\/dgospel.com.br\/portal\/index.php\/wp-json\/wp\/v2\/tags?post=15114"}],"curies":[{"name":"wp","href":"https:\/\/api.w.org\/{rel}","templated":true}]}}