{"id":15119,"date":"2023-03-15T17:12:16","date_gmt":"2023-03-15T20:12:16","guid":{"rendered":"http:\/\/dgospel.com.br\/portal\/?p=15119"},"modified":"2023-03-15T17:12:17","modified_gmt":"2023-03-15T20:12:17","slug":"cpmi-do-8-de-janeiro-tem-194-assinaturas-confira-a-lista","status":"publish","type":"post","link":"https:\/\/dgospel.com.br\/portal\/index.php\/2023\/03\/15\/cpmi-do-8-de-janeiro-tem-194-assinaturas-confira-a-lista\/","title":{"rendered":"CPMI do 8 de janeiro tem 194 assinaturas; confira a lista"},"content":{"rendered":"\n<p>A Comiss\u00e3o Parlamentar Mista de Inqu\u00e9rito (CPMI) do 8 de janeiro ganhou tr\u00eas assinaturas. Dessas, uma pertence ao deputado federal Pastor Gil (PL-AM), que havia recuado, mas aderiu novamente ao pedido. Os deputados Paulo Freire (PL-SP) e Olival Marques (MDB-PA) assinaram pela primeira vez. J\u00e1 o deputado Junior Louren\u00e7o (PL-MA) retirou o apoio da CPMI.<\/p>\n\n\n\n<p>O n\u00famero de senadores permanece o mesmo: 35 \u2014 oito a mais do que o m\u00ednimo. Na C\u00e2mara, o pedido para instaurar o colegiado tem o apoio de 194 deputados \u2014 23 a mais do que o m\u00ednimo necess\u00e1rio. Agora, a proposta do<a rel=\"noreferrer noopener\" href=\"https:\/\/twitter.com\/andrefernm\" target=\"_blank\"><strong>\u00a0deputado federal Andr\u00e9 Fernandes (PL-CE)<\/strong><\/a>\u00a0aguarda apenas a leitura do requerimento pelo presidente do Senado, Rodrigo Pacheco (PSD-MG).<\/p>\n\n\n\n<p>A Comiss\u00e3o Parlamentar Mista de Inqu\u00e9rito (CPMI) do 8 de janeiro ganhou tr\u00eas assinaturas. Dessas, uma pertence ao deputado federal Pastor Gil (PL-AM), que havia recuado, mas aderiu novamente ao pedido. Os deputados Paulo Freire (PL-SP) e Olival Marques (MDB-PA) assinaram pela primeira vez. J\u00e1 o deputado Junior Louren\u00e7o (PL-MA) retirou o apoio da CPMI.<\/p>\n\n\n\n<p>O n\u00famero de senadores permanece o mesmo: 35 \u2014 oito a mais do que o m\u00ednimo. Na C\u00e2mara, o pedido para instaurar o colegiado tem o apoio de 194 deputados \u2014 23 a mais do que o m\u00ednimo necess\u00e1rio. Agora, a proposta do<a rel=\"noreferrer noopener\" href=\"https:\/\/twitter.com\/andrefernm\" target=\"_blank\"><strong>\u00a0deputado federal Andr\u00e9 Fernandes (PL-CE)<\/strong><\/a>\u00a0aguarda apenas a leitura do requerimento pelo presidente do Senado, Rodrigo Pacheco (PSD-MG).<\/p>\n\n\n\n<p>Confira no link<\/p>\n\n\n\n<p><a href=\"https:\/\/drive.google.com\/file\/d\/1KjiW7usxlgKyQ3uiO24MOaKOqny2z39Z\/view\">https:\/\/drive.google.com\/file\/d\/1KjiW7usxlgKyQ3uiO24MOaKOqny2z39Z\/view<\/a><\/p>\n","protected":false},"excerpt":{"rendered":"<p>A Comiss\u00e3o Parlamentar Mista de Inqu\u00e9rito (CPMI) do 8 de janeiro ganhou tr\u00eas assinaturas. Dessas, uma pertence ao deputado federal Pastor Gil (PL-AM), que havia recuado, mas aderiu novamente ao pedido. Os deputados Paulo Freire (PL-SP) e Olival Marques (MDB-PA) assinaram pela primeira vez. J\u00e1 o deputado Junior Louren\u00e7o (PL-MA) retirou o apoio da CPMI. [&hellip;]<\/p>\n","protected":false},"author":2,"featured_media":15120,"comment_status":"open","ping_status":"open","sticky":false,"template":"","format":"standard","meta":[],"categories":[4],"tags":[13],"_links":{"self":[{"href":"https:\/\/dgospel.com.br\/portal\/index.php\/wp-json\/wp\/v2\/posts\/15119"}],"collection":[{"href":"https:\/\/dgospel.com.br\/portal\/index.php\/wp-json\/wp\/v2\/posts"}],"about":[{"href":"https:\/\/dgospel.com.br\/portal\/index.php\/wp-json\/wp\/v2\/types\/post"}],"author":[{"embeddable":true,"href":"https:\/\/dgospel.com.br\/portal\/index.php\/wp-json\/wp\/v2\/users\/2"}],"replies":[{"embeddable":true,"href":"https:\/\/dgospel.com.br\/portal\/index.php\/wp-json\/wp\/v2\/comments?post=15119"}],"version-history":[{"count":1,"href":"https:\/\/dgospel.com.br\/portal\/index.php\/wp-json\/wp\/v2\/posts\/15119\/revisions"}],"predecessor-version":[{"id":15121,"href":"https:\/\/dgospel.com.br\/portal\/index.php\/wp-json\/wp\/v2\/posts\/15119\/revisions\/15121"}],"wp:featuredmedia":[{"embeddable":true,"href":"https:\/\/dgospel.com.br\/portal\/index.php\/wp-json\/wp\/v2\/media\/15120"}],"wp:attachment":[{"href":"https:\/\/dgospel.com.br\/portal\/index.php\/wp-json\/wp\/v2\/media?parent=15119"}],"wp:term":[{"taxonomy":"category","embeddable":true,"href":"https:\/\/dgospel.com.br\/portal\/index.php\/wp-json\/wp\/v2\/categories?post=15119"},{"taxonomy":"post_tag","embeddable":true,"href":"https:\/\/dgospel.com.br\/portal\/index.php\/wp-json\/wp\/v2\/tags?post=15119"}],"curies":[{"name":"wp","href":"https:\/\/api.w.org\/{rel}","templated":true}]}}