{"id":15122,"date":"2023-03-15T17:19:49","date_gmt":"2023-03-15T20:19:49","guid":{"rendered":"http:\/\/dgospel.com.br\/portal\/?p=15122"},"modified":"2023-03-15T17:19:51","modified_gmt":"2023-03-15T20:19:51","slug":"procon-tocantins-e-anp-irao-firmar-acordo-de-cooperacao-tecnica-que-amplia-fiscalizacao-nos-postos-de-combustiveis-do-tocantins","status":"publish","type":"post","link":"https:\/\/dgospel.com.br\/portal\/index.php\/2023\/03\/15\/procon-tocantins-e-anp-irao-firmar-acordo-de-cooperacao-tecnica-que-amplia-fiscalizacao-nos-postos-de-combustiveis-do-tocantins\/","title":{"rendered":"Procon Tocantins e ANP ir\u00e3o firmar acordo de coopera\u00e7\u00e3o t\u00e9cnica que amplia fiscaliza\u00e7\u00e3o nos postos de combust\u00edveis do Tocantins"},"content":{"rendered":"\n<p>Procon Tocantins e a Ag\u00eancia Nacional do Petr\u00f3leo, G\u00e1s Natural e Biocombust\u00edveis (ANP) v\u00e3o celebrar um Acordo de Coopera\u00e7\u00e3o T\u00e9cnica e Operacional. A confirma\u00e7\u00e3o da parceria foi divulgada nesta ter\u00e7a-feira, 14, pela diretoria da ANP. A a\u00e7\u00e3o \u00e9 alusiva ao Dia Mundial do Consumidor, comemorado nesta quarta-feira, 15.<\/p>\n\n\n\n<p>A solicita\u00e7\u00e3o foi realizada pelo superintendente do Procon Tocantins, Rafael Parente e pelo gerente de fiscaliza\u00e7\u00e3o, Magno Silva, durante reuni\u00e3o em Bras\u00edlia (DF) no \u00faltimo dia 1\u00b0 de mar\u00e7o. O \u00f3rg\u00e3o de Defesa do consumidor j\u00e1 possui parceria com a ANP para fiscaliza\u00e7\u00e3o de postos de combust\u00edveis do Tocantins.&nbsp;<\/p>\n\n\n\n<p>\u201cEssa parceria com a ANP \u00e9 muito importante e, claro, amplia a atua\u00e7\u00e3o do Procon Tocantins na defesa dos direitos dos consumidores de combust\u00edveis, al\u00e9m de garantir um trabalho mais espec\u00edfico e tamb\u00e9m com maior alcance. O que s\u00f3 refor\u00e7a nosso compromisso e transpar\u00eancia do \u00f3rg\u00e3o\u201d, afirma o superintendente do Procon Tocantins, Rafael Pereira Parente.<\/p>\n\n\n\n<p>O objeto do acordo inclui atividade de fiscaliza\u00e7\u00e3o (conjuntas ou isoladamente pelos Procons em nome da ANP), no sentido da educa\u00e7\u00e3o e da orienta\u00e7\u00e3o dos agentes do setor, bem como da preven\u00e7\u00e3o e da repress\u00e3o de condutas violadoras da legisla\u00e7\u00e3o; implanta\u00e7\u00e3o de sistema de interc\u00e2mbio de informa\u00e7\u00f5es para tornar mais eficientes e eficazes a regula\u00e7\u00e3o e fiscaliza\u00e7\u00e3o destas empresas; atividades de georreferenciamento, para atualizar e contextualizar espacialmente o cadastro de agentes econ\u00f4micos regulados; e coleta de pre\u00e7os de combust\u00edveis praticados por revendedores, para auxiliar no acompanhamento de pre\u00e7os j\u00e1 realizado pela ANP.<\/p>\n","protected":false},"excerpt":{"rendered":"<p>Procon Tocantins e a Ag\u00eancia Nacional do Petr\u00f3leo, G\u00e1s Natural e Biocombust\u00edveis (ANP) v\u00e3o celebrar um Acordo de Coopera\u00e7\u00e3o T\u00e9cnica e Operacional. A confirma\u00e7\u00e3o da parceria foi divulgada nesta ter\u00e7a-feira, 14, pela diretoria da ANP. A a\u00e7\u00e3o \u00e9 alusiva ao Dia Mundial do Consumidor, comemorado nesta quarta-feira, 15. A solicita\u00e7\u00e3o foi realizada pelo superintendente do [&hellip;]<\/p>\n","protected":false},"author":2,"featured_media":15123,"comment_status":"open","ping_status":"open","sticky":false,"template":"","format":"standard","meta":[],"categories":[3],"tags":[13],"_links":{"self":[{"href":"https:\/\/dgospel.com.br\/portal\/index.php\/wp-json\/wp\/v2\/posts\/15122"}],"collection":[{"href":"https:\/\/dgospel.com.br\/portal\/index.php\/wp-json\/wp\/v2\/posts"}],"about":[{"href":"https:\/\/dgospel.com.br\/portal\/index.php\/wp-json\/wp\/v2\/types\/post"}],"author":[{"embeddable":true,"href":"https:\/\/dgospel.com.br\/portal\/index.php\/wp-json\/wp\/v2\/users\/2"}],"replies":[{"embeddable":true,"href":"https:\/\/dgospel.com.br\/portal\/index.php\/wp-json\/wp\/v2\/comments?post=15122"}],"version-history":[{"count":1,"href":"https:\/\/dgospel.com.br\/portal\/index.php\/wp-json\/wp\/v2\/posts\/15122\/revisions"}],"predecessor-version":[{"id":15124,"href":"https:\/\/dgospel.com.br\/portal\/index.php\/wp-json\/wp\/v2\/posts\/15122\/revisions\/15124"}],"wp:featuredmedia":[{"embeddable":true,"href":"https:\/\/dgospel.com.br\/portal\/index.php\/wp-json\/wp\/v2\/media\/15123"}],"wp:attachment":[{"href":"https:\/\/dgospel.com.br\/portal\/index.php\/wp-json\/wp\/v2\/media?parent=15122"}],"wp:term":[{"taxonomy":"category","embeddable":true,"href":"https:\/\/dgospel.com.br\/portal\/index.php\/wp-json\/wp\/v2\/categories?post=15122"},{"taxonomy":"post_tag","embeddable":true,"href":"https:\/\/dgospel.com.br\/portal\/index.php\/wp-json\/wp\/v2\/tags?post=15122"}],"curies":[{"name":"wp","href":"https:\/\/api.w.org\/{rel}","templated":true}]}}