{"id":15125,"date":"2023-03-15T17:49:50","date_gmt":"2023-03-15T20:49:50","guid":{"rendered":"http:\/\/dgospel.com.br\/portal\/?p=15125"},"modified":"2023-03-15T17:49:52","modified_gmt":"2023-03-15T20:49:52","slug":"tocantins-participa-de-evento-de-integracao-dos-estados-no-avanco-da-politica-climatica-do-brasil","status":"publish","type":"post","link":"https:\/\/dgospel.com.br\/portal\/index.php\/2023\/03\/15\/tocantins-participa-de-evento-de-integracao-dos-estados-no-avanco-da-politica-climatica-do-brasil\/","title":{"rendered":"Tocantins participa de evento de integra\u00e7\u00e3o dos estados no avan\u00e7o da pol\u00edtica clim\u00e1tica do Brasil"},"content":{"rendered":"\n<p>O Governo do Tocantins, por meio da Secretaria de Estado do Meio Ambiente e Recursos H\u00eddricos (Semarh), participou nessa ter\u00e7a-feira, 14, do evento&nbsp;<em>Caminhos para a integra\u00e7\u00e3o multin\u00edvel e multissetorial no avan\u00e7o da pol\u00edtica clim\u00e1tica do Brasil<\/em>, em Bras\u00edlia (DF).&nbsp;<\/p>\n\n\n\n<p>Na ocasi\u00e3o do evento realizado pela Associa\u00e7\u00e3o Brasileira de Entidades Estaduais de Meio Ambiente (Abema), juntamente com o Instituto Clima e Sociedade (iCS), a Plataforma Cip\u00f3, CDP Latin America, Instituto Ethos, ICLEI, Centro Brasil no Clima (CBC), Under 2 Coalition e a Coopera\u00e7\u00e3o Brasil-Alemanha por meio da Deutsche Gesellschaft f\u00fcr Internationale Zusammenarbeit (GIZ) GmbH tamb\u00e9m foi realizada a reuni\u00e3o dos integrantes da C\u00e2mara T\u00e9cnica da Abema.<\/p>\n\n\n\n<p>Representando o titular do Meio Ambiente do Tocantins, Marcello Lelis, a diretora de Intelig\u00eancia Ambiental, Clima e Floresta, Cristiane Peres, afirmou que, \u201ca pedido do secret\u00e1rio, transmitiu a mensagem de satisfa\u00e7\u00e3o do Estado em sediar a pr\u00f3xima reuni\u00e3o da Abema e receber os secret\u00e1rios estaduais e presidentes de autarquias de Meio Ambiente de todo o pa\u00eds\u201d.<\/p>\n\n\n\n<p>Cristiane Peres informou ainda que, no encontro, representando a ministra Marina Silva, o secret\u00e1rio-executivo do MMA, Jo\u00e3o Paulo Capobianco, ressaltou que a tem\u00e1tica das mudan\u00e7as clim\u00e1ticas est\u00e1 em foco no atual governo. A diretora contou que tamb\u00e9m chamou aten\u00e7\u00e3o o destaque do Minist\u00e9rio da Agricultura ao Plano ABC, al\u00e9m de outros como o da Ci\u00eancia e Tecnologia que falou de um planejamento amplo.<\/p>\n\n\n\n<p>\u201c\u00c9 consenso que a gente tem que integrar as a\u00e7\u00f5es de minimizar os impactos das mudan\u00e7as clim\u00e1ticas no pa\u00eds. Ent\u00e3o esse espa\u00e7o \u00e9 importante para que a gente troque experi\u00eancias com outros estados, em todos os n\u00edveis, estadual, federal e o setor privado e vermos o que est\u00e1 dando certo, para avan\u00e7armos na implementa\u00e7\u00e3o da nossa pol\u00edtica de mudan\u00e7a clim\u00e1tica e nas a\u00e7\u00f5es do Estado\u201d, pontuou a diretora da Semarh, Cristiane Peres.&nbsp;<\/p>\n\n\n\n<p>Na reuni\u00e3o dos representantes estaduais da C\u00e2mara T\u00e9cnica do Clima, a assessora de apoio \u00e0 Gest\u00e3o de Pol\u00edticas P\u00fablicas Ambientais da Semarh, Mayra Beatriz de Jesus Dias, representou o Tocantins.<\/p>\n\n\n\n<p><strong>Evento<\/strong><\/p>\n\n\n\n<p>Agenda clim\u00e1tica e ambiental brasileira foi o foco do evento que contou com a presen\u00e7a de representantes estaduais, federais e internacionais. Durante o encontro, esteve em pauta os desafios impostos pela mudan\u00e7a clim\u00e1tica que demandam a\u00e7\u00f5es integradas multin\u00edvel e multissetorial; e teve o objetivo de promover di\u00e1logos sobre propostas concretas para o fortalecimento da agenda clim\u00e1tica e ambiental brasileira.<\/p>\n\n\n\n<p>As discuss\u00f5es tiveram como base novas perspectivas de governan\u00e7a que ampliem e fortale\u00e7am a integra\u00e7\u00e3o entre o governo federal, estadual, setores da sociedade civil e da iniciativa privada. Tamb\u00e9m foram apresentados alguns caminhos para financiamento das a\u00e7\u00f5es clim\u00e1ticas, trazendo exemplos pr\u00e1ticos e experi\u00eancias do setor p\u00fablico, privado e de redes de coopera\u00e7\u00e3o e parceiros internacionais para implementa\u00e7\u00e3o da agenda clim\u00e1tica.<\/p>\n\n\n\n<p>De acordo com a organiza\u00e7\u00e3o, ao longo do dia, atores-chave para a agenda do clima buscaram reafirmar e incentivar a implementa\u00e7\u00e3o n\u00e3o apenas dos planos e compromissos clim\u00e1ticos assumidos pelo Brasil, como o Acordo de Paris e a Contribui\u00e7\u00e3o Nacionalmente Determinada (NDC), a Pol\u00edtica Nacional sobre Mudan\u00e7a do Clima e o Plano Nacional de Adapta\u00e7\u00e3o \u00e0 Mudan\u00e7a do Clima (PNA), mas tamb\u00e9m os compromissos firmados pelos estados mais especificamente, inclusive a Carta da Abema pelo Clima, Raceto zero, Raceto Resilience, entre outros.<\/p>\n\n\n\n<p><strong>Reuni\u00e3o Abema<\/strong><\/p>\n\n\n\n<p>No per\u00edodo da tarde foi discutido o calend\u00e1rio de Reuni\u00f5es Ordin\u00e1rias 2023; a abrang\u00eancia das compet\u00eancias das v\u00e1rias C\u00e2maras T\u00e9cnicas e Grupos de Trabalhos; e definido o Tocantins como sede da pr\u00f3xima Reuni\u00e3o Ordin\u00e1ria da Abema, prevista para acontecer de 24 a 28 de maio de 2023.<\/p>\n\n\n\n<p>Segundo a Abema, o governo federal e suas institui\u00e7\u00f5es possuem um papel fundamental na prote\u00e7\u00e3o ambiental, tanto em \u00e2mbito dom\u00e9stico, por meio de pol\u00edticas p\u00fablicas de conserva\u00e7\u00e3o e monitoramento, quanto em \u00e2mbito internacional \u2013 por meio da negocia\u00e7\u00e3o de parcerias e acordos voltados ao enfrentamento dos desafios clim\u00e1ticos e da prote\u00e7\u00e3o da biodiversidade. Por outro lado, estados e munic\u00edpios, assim como a sociedade civil e o setor privado s\u00e3o essenciais para a formula\u00e7\u00e3o e execu\u00e7\u00e3o de pol\u00edticas de adapta\u00e7\u00e3o e mitiga\u00e7\u00e3o aos eventos clim\u00e1ticos.<\/p>\n\n\n\n<p><strong>Participa\u00e7\u00e3o<\/strong><\/p>\n\n\n\n<p>O evento contou com as presen\u00e7as e contribui\u00e7\u00f5es de autoridades e representantes, como da ministra Marina Silva do Meio Ambiente e Mudan\u00e7a do Clima; da ministra Luciana Santos, da Ci\u00eancia, Tecnologia e Inova\u00e7\u00e3o; do ministro Carlos F\u00e1varo, da Agricultura e Pecu\u00e1ria; do embaixador da Uni\u00e3o Europeia, Ign\u00e1cio Ib\u00e3nez; do Friederike Sabiel, conselheiro para assuntos ambientais na Embaixada da Alemanha e Renato Casagrande, governador do estado do Esp\u00edrito Santo.<\/p>\n\n\n\n<p>Tamb\u00e9m participaram das discuss\u00f5es secret\u00e1rios, diretores-presidentes e membros dos \u00f3rg\u00e3os estaduais de meio ambiente, representantes e autoridades do governo federal,organiza\u00e7\u00f5es da sociedade civil, iniciativa privada, investidores, especialistas e representantes de embaixadas de pa\u00edses parceiros. O encontro fechado foi transmitido ao vivo pelo canal&nbsp;<a href=\"https:\/\/www.youtube.com\/channel\/UC4kp4edX4P2gni2evjXB25g\">Abema.<\/a><\/p>\n","protected":false},"excerpt":{"rendered":"<p>O Governo do Tocantins, por meio da Secretaria de Estado do Meio Ambiente e Recursos H\u00eddricos (Semarh), participou nessa ter\u00e7a-feira, 14, do evento&nbsp;Caminhos para a integra\u00e7\u00e3o multin\u00edvel e multissetorial no avan\u00e7o da pol\u00edtica clim\u00e1tica do Brasil, em Bras\u00edlia (DF).&nbsp; Na ocasi\u00e3o do evento realizado pela Associa\u00e7\u00e3o Brasileira de Entidades Estaduais de Meio Ambiente (Abema), juntamente [&hellip;]<\/p>\n","protected":false},"author":2,"featured_media":15126,"comment_status":"open","ping_status":"open","sticky":false,"template":"","format":"standard","meta":[],"categories":[3],"tags":[13],"_links":{"self":[{"href":"https:\/\/dgospel.com.br\/portal\/index.php\/wp-json\/wp\/v2\/posts\/15125"}],"collection":[{"href":"https:\/\/dgospel.com.br\/portal\/index.php\/wp-json\/wp\/v2\/posts"}],"about":[{"href":"https:\/\/dgospel.com.br\/portal\/index.php\/wp-json\/wp\/v2\/types\/post"}],"author":[{"embeddable":true,"href":"https:\/\/dgospel.com.br\/portal\/index.php\/wp-json\/wp\/v2\/users\/2"}],"replies":[{"embeddable":true,"href":"https:\/\/dgospel.com.br\/portal\/index.php\/wp-json\/wp\/v2\/comments?post=15125"}],"version-history":[{"count":1,"href":"https:\/\/dgospel.com.br\/portal\/index.php\/wp-json\/wp\/v2\/posts\/15125\/revisions"}],"predecessor-version":[{"id":15127,"href":"https:\/\/dgospel.com.br\/portal\/index.php\/wp-json\/wp\/v2\/posts\/15125\/revisions\/15127"}],"wp:featuredmedia":[{"embeddable":true,"href":"https:\/\/dgospel.com.br\/portal\/index.php\/wp-json\/wp\/v2\/media\/15126"}],"wp:attachment":[{"href":"https:\/\/dgospel.com.br\/portal\/index.php\/wp-json\/wp\/v2\/media?parent=15125"}],"wp:term":[{"taxonomy":"category","embeddable":true,"href":"https:\/\/dgospel.com.br\/portal\/index.php\/wp-json\/wp\/v2\/categories?post=15125"},{"taxonomy":"post_tag","embeddable":true,"href":"https:\/\/dgospel.com.br\/portal\/index.php\/wp-json\/wp\/v2\/tags?post=15125"}],"curies":[{"name":"wp","href":"https:\/\/api.w.org\/{rel}","templated":true}]}}