{"id":15137,"date":"2023-03-17T15:40:32","date_gmt":"2023-03-17T18:40:32","guid":{"rendered":"http:\/\/dgospel.com.br\/portal\/?p=15137"},"modified":"2023-03-17T15:40:32","modified_gmt":"2023-03-17T18:40:32","slug":"governo-lula-pretende-voltar-com-a-cobranca-do-seguro-dpvat","status":"publish","type":"post","link":"https:\/\/dgospel.com.br\/portal\/index.php\/2023\/03\/17\/governo-lula-pretende-voltar-com-a-cobranca-do-seguro-dpvat\/","title":{"rendered":"Governo Lula pretende voltar com a cobran\u00e7a do seguro DPVAT"},"content":{"rendered":"\n<p>O governo do presidente Luiz In\u00e1cio Lula da Silva (PT) pretende desenhar uma nova modelagem para o Seguro de Danos Pessoais Causados por Ve\u00edculos Automotores de Via Terrestre (DPVAT), para voltar a ser cobrado a partir de 2024. A informa\u00e7\u00e3o veio nesta quinta-feira (16), pelo secret\u00e1rio de Reformas Econ\u00f4micas do Minist\u00e9rio da Fazenda, Marcos Barbosa Pinto.<\/p>\n\n\n\n<p>\u2013 N\u00f3s precisamos refazer os modelos do DPVAT e reconstruir um novo DPVAT, com uma nova arquitetura para esse seguro, que \u00e9 extremamente relevante. Temos um ano para fazer isso \u2013 afirmou o secret\u00e1rio.<\/p>\n\n\n\n<p>O seguro n\u00e3o \u00e9 mais obrigat\u00f3rio na cobran\u00e7a anual no licenciamento do ve\u00edculo desde 2021, ap\u00f3s o cons\u00f3rcio L\u00edder (formado por seguradoras privadas) ser substitu\u00eddo pela Caixa Econ\u00f4mica Federal em 2020. Um fundo de R$ 4 bilh\u00f5es tem sido usado desde ent\u00e3o para arcar com os custo de indeniza\u00e7\u00f5es e tratamentos de v\u00edtimas de acidente de tr\u00e2nsito.<\/p>\n\n\n\n<p>A Superintend\u00eancia de Seguros Privados (Susep), no entanto, est\u00e1 alertando para a escassez iminente do fundo. O governo publicou uma medida provis\u00f3ria para restabelecer o DPVAT a partir deste ano.<\/p>\n\n\n\n<p>De acordo com Barbosa Pinto, a cobran\u00e7a do seguro tem papel fundamental no financiamento de infraestrutura.<\/p>\n\n\n\n<p>\u2013 A gente se preocupa muito com o financiamento de infraestrutura no longo prazo e o seguro tem um papel fundamental. Precisamos alavancar mais os seguros na \u00e1rea de infraestrutura para prover seguran\u00e7a ao setor p\u00fablico \u2013 afirmou.<\/p>\n\n\n\n<p>Pode ser tamb\u00e9m que o seguro saia da compet\u00eancia da Caixa Econ\u00f4mica e volte a ser administrado por um cons\u00f3rcio.<\/p>\n","protected":false},"excerpt":{"rendered":"<p>O governo do presidente Luiz In\u00e1cio Lula da Silva (PT) pretende desenhar uma nova modelagem para o Seguro de Danos Pessoais Causados por Ve\u00edculos Automotores de Via Terrestre (DPVAT), para voltar a ser cobrado a partir de 2024. A informa\u00e7\u00e3o veio nesta quinta-feira (16), pelo secret\u00e1rio de Reformas Econ\u00f4micas do Minist\u00e9rio da Fazenda, Marcos Barbosa [&hellip;]<\/p>\n","protected":false},"author":2,"featured_media":15138,"comment_status":"open","ping_status":"open","sticky":false,"template":"","format":"standard","meta":[],"categories":[10],"tags":[],"_links":{"self":[{"href":"https:\/\/dgospel.com.br\/portal\/index.php\/wp-json\/wp\/v2\/posts\/15137"}],"collection":[{"href":"https:\/\/dgospel.com.br\/portal\/index.php\/wp-json\/wp\/v2\/posts"}],"about":[{"href":"https:\/\/dgospel.com.br\/portal\/index.php\/wp-json\/wp\/v2\/types\/post"}],"author":[{"embeddable":true,"href":"https:\/\/dgospel.com.br\/portal\/index.php\/wp-json\/wp\/v2\/users\/2"}],"replies":[{"embeddable":true,"href":"https:\/\/dgospel.com.br\/portal\/index.php\/wp-json\/wp\/v2\/comments?post=15137"}],"version-history":[{"count":1,"href":"https:\/\/dgospel.com.br\/portal\/index.php\/wp-json\/wp\/v2\/posts\/15137\/revisions"}],"predecessor-version":[{"id":15139,"href":"https:\/\/dgospel.com.br\/portal\/index.php\/wp-json\/wp\/v2\/posts\/15137\/revisions\/15139"}],"wp:featuredmedia":[{"embeddable":true,"href":"https:\/\/dgospel.com.br\/portal\/index.php\/wp-json\/wp\/v2\/media\/15138"}],"wp:attachment":[{"href":"https:\/\/dgospel.com.br\/portal\/index.php\/wp-json\/wp\/v2\/media?parent=15137"}],"wp:term":[{"taxonomy":"category","embeddable":true,"href":"https:\/\/dgospel.com.br\/portal\/index.php\/wp-json\/wp\/v2\/categories?post=15137"},{"taxonomy":"post_tag","embeddable":true,"href":"https:\/\/dgospel.com.br\/portal\/index.php\/wp-json\/wp\/v2\/tags?post=15137"}],"curies":[{"name":"wp","href":"https:\/\/api.w.org\/{rel}","templated":true}]}}