{"id":1514,"date":"2018-10-05T13:08:17","date_gmt":"2018-10-05T16:08:17","guid":{"rendered":"http:\/\/dgospel.com.br\/portal\/?p=1514"},"modified":"2018-10-05T13:08:17","modified_gmt":"2018-10-05T16:08:17","slug":"amastha-e-ataides-fecham-campanha-lado-a-lado-prevendo-a-vitoria-da-coligacao-a-verdadeira-mudanca","status":"publish","type":"post","link":"https:\/\/dgospel.com.br\/portal\/index.php\/2018\/10\/05\/amastha-e-ataides-fecham-campanha-lado-a-lado-prevendo-a-vitoria-da-coligacao-a-verdadeira-mudanca\/","title":{"rendered":"Amastha e Ata\u00eddes fecham campanha lado a lado, prevendo a vit\u00f3ria da coliga\u00e7\u00e3o A Verdadeira Mudan\u00e7a"},"content":{"rendered":"<p class=\"yiv0502491890MsoNormal\">O senador Ata\u00eddes Oliveira, candidato \u00e0 reelei\u00e7\u00e3o pelo PSDB, e o ex-prefeito Carlos Amastha, candidato ao governo pelo PSB, fecharam a campanha eleitoral lado a lado, num com\u00edcio superlotado na noite desta quinta-feira (04) no bairro de Taquaralto, em Palmas. Em clima de festa, a coliga\u00e7\u00e3o A Verdadeira Mudan\u00e7a comemorou a boa acolhida dos eleitores ao longo da campanha e disse estar certa da vit\u00f3ria, no pr\u00f3ximo domingo.<\/p>\n<p class=\"yiv0502491890MsoNormal\">\u00a0\u00a0\u00a0\u00a0\u00a0\u00a0\u00a0\u00a0\u00a0\u00a0\u00a0 No palanque com a esposa Viviane e v\u00e1rios outros candidatos da coliga\u00e7\u00e3o a vagas na Assembleia Legislativa e na C\u00e2mara Federal, o senador Ata\u00eddes \u00a0fugiu do roteiro tradicional dos discursos eleitorais: \u201cHoje n\u00e3o \u00e9 dia de discurso, \u00e9 dia de agradecimento. Primeiro a Deus, depois a voc\u00eas, nossos irm\u00e3os palmenses e todos os irm\u00e3os tocantinenses, que nos receberam t\u00e3o bem por onde passamos.\u201d<\/p>\n<p class=\"yiv0502491890MsoNormal\">\n<p class=\"yiv0502491890MsoNormal\"><b>Presta\u00e7\u00e3o de contas<\/b><\/p>\n<p class=\"yiv0502491890MsoNormal\">A tr\u00eas dias das elei\u00e7\u00f5es, o tucano fez quest\u00e3o de apresentar uma presta\u00e7\u00e3o de contas de todos os benef\u00edcios que trouxe para o Estado nos \u00faltimos cinco anos, como senador. Foram mais de R$ 300 milh\u00f5es s\u00f3 para habita\u00e7\u00e3o, incluindo quase 5 mil casas populares e 3.963 cart\u00f5es-reforma; 52 kits de Conselhos Tutelares; R$ 77 milh\u00f5es para asfalto; R$ 27 milh\u00f5es para sa\u00fade; R$ 7 milh\u00f5es para infraestrutura urbana; R$ 2,3 milh\u00f5es para o turismo; R$2,7 milh\u00f5es para a agricultura; e R$460 mil para o esporte.<\/p>\n<p class=\"yiv0502491890MsoNormal\">O candidato tamb\u00e9m lembrou que foi o respons\u00e1vel pela libera\u00e7\u00e3o de R$ 44 bilh\u00f5es das contas inativas do FGTS, que votou contra o foro privilegiado, presidiu tr\u00eas Comiss\u00f5es Parlamentares de Inqu\u00e9rito \u2013 fato in\u00e9dito para um tocantinense \u2013 e\u00a0 combateu de forma firme a corrup\u00e7\u00e3o.<\/p>\n<p class=\"yiv0502491890MsoNormal\">Mais uma vez, ele destacou a import\u00e2ncia do voto consciente, observando que \u201c\u00e9 atrav\u00e9s do voto que vamos tirar os maus pol\u00edticos da pol\u00edtica e resolver essa grave crise do Brasil e do Tocantins\u201d. Disse mais: \u201cSe a gente acabar com a corrup\u00e7\u00e3o e com os privil\u00e9gios, vai sobrar dinheiro para a sa\u00fade, a educa\u00e7\u00e3o e a seguran\u00e7a. Dia 7 est\u00e1 logo a\u00ed, vamos ficar atentos \u00e0 responsabilidade do voto!\u201d<\/p>\n<p class=\"yiv0502491890MsoNormal\"><b>Inseguran\u00e7a pol\u00edtica<\/b><\/p>\n<p class=\"yiv0502491890MsoNormal\">Sem citar o nome do governador Mauro Carlesse, Ata\u00eddes alertou que j\u00e1 h\u00e1 mais uma cassa\u00e7\u00e3o \u00e0 vista no Tocantins e que o Estado n\u00e3o suporta mais essa inseguran\u00e7a pol\u00edtica. \u201c\u00c9 por isso que pe\u00e7o votos para Amastha\u201d, argumentou. Outro motivo importante para apoiar o ex-prefeito de Palmas, segundo o tucano, \u00e9 que \u201cn\u00e3o basta ser honesto, tem que ser competente e isso Amastha j\u00e1 mostrou que \u00e9.\u201d<\/p>\n<p class=\"yiv0502491890MsoNormal\">Antes de encerrar sua fala Ata\u00eddes garantiu que far\u00e1 tudo pra zerar o d\u00e9ficit habitacional do Tocantins, que j\u00e1 passa de 70 mil moradias. O parlamentar, que j\u00e1 trouxe quase 5 mil unidades do Minha Casa Minha Vida para o Estado, foi apontado ao longo de toda a campanha eleitoral como \u201co senador das casas\u201d.<\/p>\n<p class=\"yiv0502491890MsoNormal\">Quem falou depois do tucano foi o candidato a deputado federal Tiago Andrino. Ele disse que Amastha vai precisar de Ata\u00eddes no Senado e que o povo gosta do presidente estadual do PSDB porque ele \u201c\u00e9 combativo e luta pelo Tocantins\u201d.<\/p>\n<p class=\"yiv0502491890MsoNormal\">Carlos Amastha fechou o com\u00edcio lembrando que Ata\u00eddes foi o \u00fanico empres\u00e1rio que o apoiou em 2012, o \u00fanico que acreditou que o sonho de mudar o Tocantins seria poss\u00edvel. Desta vez, frisou o candidato ao governo, \u201ceu e Ata\u00eddes vamos comemorar juntos a vit\u00f3ria\u201d.<\/p>\n<p class=\"yiv0502491890MsoNormal\">O ex-prefeito de Palmas destacou os avan\u00e7os conquistados em sua gest\u00e3o na capital, criticou os desmandos e a incompet\u00eancia do governo Carlesse e salientou que, sem seguran\u00e7a jur\u00eddica e institucional, n\u00e3o d\u00e1 para empreender no Tocantins. \u201cVamos virar essa p\u00e1gina, votando nos candidatos da nossa coliga\u00e7\u00e3o.\u201d<\/p>\n<p class=\"yiv0502491890MsoNormal\">Antes de encerrar seu discurso, ele voltou a pedir votos para Ata\u00eddes, \u201cum senador inteligente, preparado, trabalhador, que vai nos ajudar a trazer muito mais recursos para o Tocantins e a mudar a hist\u00f3ria do nosso Estado.\u201d Ao falar sobre os 30 anos do Tocantins, comemorados nesta sexta-feira (05), Amastha comemorou: \u201cO grande presente para todos os tocantinenses ser\u00e1 a vit\u00f3ria, nas urnas, da coliga\u00e7\u00e3o A Verdadeira Mudan\u00e7a!\u201d<\/p>\n","protected":false},"excerpt":{"rendered":"<p>O senador Ata\u00eddes Oliveira, candidato \u00e0 reelei\u00e7\u00e3o pelo PSDB, e o ex-prefeito Carlos Amastha, candidato ao governo pelo PSB, fecharam a campanha eleitoral lado a lado, num com\u00edcio superlotado na noite desta quinta-feira (04) no bairro de Taquaralto, em Palmas. Em clima de festa, a coliga\u00e7\u00e3o A Verdadeira Mudan\u00e7a comemorou a boa acolhida dos eleitores [&hellip;]<\/p>\n","protected":false},"author":2,"featured_media":1515,"comment_status":"open","ping_status":"open","sticky":false,"template":"","format":"standard","meta":[],"categories":[2,4],"tags":[],"_links":{"self":[{"href":"https:\/\/dgospel.com.br\/portal\/index.php\/wp-json\/wp\/v2\/posts\/1514"}],"collection":[{"href":"https:\/\/dgospel.com.br\/portal\/index.php\/wp-json\/wp\/v2\/posts"}],"about":[{"href":"https:\/\/dgospel.com.br\/portal\/index.php\/wp-json\/wp\/v2\/types\/post"}],"author":[{"embeddable":true,"href":"https:\/\/dgospel.com.br\/portal\/index.php\/wp-json\/wp\/v2\/users\/2"}],"replies":[{"embeddable":true,"href":"https:\/\/dgospel.com.br\/portal\/index.php\/wp-json\/wp\/v2\/comments?post=1514"}],"version-history":[{"count":1,"href":"https:\/\/dgospel.com.br\/portal\/index.php\/wp-json\/wp\/v2\/posts\/1514\/revisions"}],"predecessor-version":[{"id":1516,"href":"https:\/\/dgospel.com.br\/portal\/index.php\/wp-json\/wp\/v2\/posts\/1514\/revisions\/1516"}],"wp:featuredmedia":[{"embeddable":true,"href":"https:\/\/dgospel.com.br\/portal\/index.php\/wp-json\/wp\/v2\/media\/1515"}],"wp:attachment":[{"href":"https:\/\/dgospel.com.br\/portal\/index.php\/wp-json\/wp\/v2\/media?parent=1514"}],"wp:term":[{"taxonomy":"category","embeddable":true,"href":"https:\/\/dgospel.com.br\/portal\/index.php\/wp-json\/wp\/v2\/categories?post=1514"},{"taxonomy":"post_tag","embeddable":true,"href":"https:\/\/dgospel.com.br\/portal\/index.php\/wp-json\/wp\/v2\/tags?post=1514"}],"curies":[{"name":"wp","href":"https:\/\/api.w.org\/{rel}","templated":true}]}}