{"id":15140,"date":"2023-03-17T19:07:02","date_gmt":"2023-03-17T22:07:02","guid":{"rendered":"http:\/\/dgospel.com.br\/portal\/?p=15140"},"modified":"2023-03-17T19:07:02","modified_gmt":"2023-03-17T22:07:02","slug":"stf-arquiva-denuncia-contra-bolsonaro-por-falas-antidemocraticas","status":"publish","type":"post","link":"https:\/\/dgospel.com.br\/portal\/index.php\/2023\/03\/17\/stf-arquiva-denuncia-contra-bolsonaro-por-falas-antidemocraticas\/","title":{"rendered":"STF arquiva den\u00fancia contra Bolsonaro por \u2018falas antidemocr\u00e1ticas\u2019"},"content":{"rendered":"\n<p>O ministro Kassio Nunes Marques, do&nbsp;<a href=\"https:\/\/portal.stf.jus.br\/\" target=\"_blank\" rel=\"noreferrer noopener\"><strong>Supremo Tribunal Federal (STF)<\/strong><\/a>, arquivou uma den\u00fancia apresentada contra o ex-presidente Jair Bolsonaro por acusa\u00e7\u00e3o de falas \u201cinconstitucionais e antidemocr\u00e1ticas.\u201d<\/p>\n\n\n\n<p>A vice-procuradora-geral da Rep\u00fablica, Lind\u00f4ra Ara\u00fajo, havia pedido o arquivamento da den\u00fancia, considerando que as a\u00e7\u00f5es de Bolsonaro n\u00e3o se encaixam no crime de incita\u00e7\u00e3o \u00e0 viol\u00eancia. Sendo assim, n\u00e3o possui elementos que justifiquem a instaura\u00e7\u00e3o de uma investiga\u00e7\u00e3o.<\/p>\n\n\n\n<p>Na decis\u00e3o, Nunes Marques argumentou que n\u00e3o h\u00e1 motivo para criminalizar a conduta do ex-presidente.<\/p>\n\n\n\n<p>\u201cN\u00e3o \u00e9 poss\u00edvel responsabilizar criminalmente o pol\u00edtico requerido pelo agir de quem nele vota ou defende suas pol\u00edticas\u201d, afirmou o magistrado. \u201cO requerido n\u00e3o mais exerce cargo com prerrogativa de fun\u00e7\u00e3o nesta Corte, raz\u00e3o pela qual, diante da manifesta\u00e7\u00e3o por arquivamento do presente feito pela Procuradoria-Geral da Rep\u00fablica, titular da a\u00e7\u00e3o penal, n\u00e3o h\u00e1 que se falar em remessa dos presentes autos \u00e0 Primeira Inst\u00e2ncia para processamento.\u201d<\/p>\n\n\n\n<p>A den\u00fancia contra o ex-presidente foi apresentada pela vereadora Liana Cirne Lins, de Recife, que citou a morte do petista Marcelo Arruda, ocasionada por briga pol\u00edtica. A parlamentar acusou Bolsonaro de \u201cati\u00e7ar o terror\u201d contra as institui\u00e7\u00f5es democr\u00e1ticas em seus discursos como presidente da Rep\u00fablica.<\/p>\n","protected":false},"excerpt":{"rendered":"<p>O ministro Kassio Nunes Marques, do&nbsp;Supremo Tribunal Federal (STF), arquivou uma den\u00fancia apresentada contra o ex-presidente Jair Bolsonaro por acusa\u00e7\u00e3o de falas \u201cinconstitucionais e antidemocr\u00e1ticas.\u201d A vice-procuradora-geral da Rep\u00fablica, Lind\u00f4ra Ara\u00fajo, havia pedido o arquivamento da den\u00fancia, considerando que as a\u00e7\u00f5es de Bolsonaro n\u00e3o se encaixam no crime de incita\u00e7\u00e3o \u00e0 viol\u00eancia. Sendo assim, n\u00e3o [&hellip;]<\/p>\n","protected":false},"author":2,"featured_media":15141,"comment_status":"open","ping_status":"open","sticky":false,"template":"","format":"standard","meta":[],"categories":[4],"tags":[13],"_links":{"self":[{"href":"https:\/\/dgospel.com.br\/portal\/index.php\/wp-json\/wp\/v2\/posts\/15140"}],"collection":[{"href":"https:\/\/dgospel.com.br\/portal\/index.php\/wp-json\/wp\/v2\/posts"}],"about":[{"href":"https:\/\/dgospel.com.br\/portal\/index.php\/wp-json\/wp\/v2\/types\/post"}],"author":[{"embeddable":true,"href":"https:\/\/dgospel.com.br\/portal\/index.php\/wp-json\/wp\/v2\/users\/2"}],"replies":[{"embeddable":true,"href":"https:\/\/dgospel.com.br\/portal\/index.php\/wp-json\/wp\/v2\/comments?post=15140"}],"version-history":[{"count":1,"href":"https:\/\/dgospel.com.br\/portal\/index.php\/wp-json\/wp\/v2\/posts\/15140\/revisions"}],"predecessor-version":[{"id":15142,"href":"https:\/\/dgospel.com.br\/portal\/index.php\/wp-json\/wp\/v2\/posts\/15140\/revisions\/15142"}],"wp:featuredmedia":[{"embeddable":true,"href":"https:\/\/dgospel.com.br\/portal\/index.php\/wp-json\/wp\/v2\/media\/15141"}],"wp:attachment":[{"href":"https:\/\/dgospel.com.br\/portal\/index.php\/wp-json\/wp\/v2\/media?parent=15140"}],"wp:term":[{"taxonomy":"category","embeddable":true,"href":"https:\/\/dgospel.com.br\/portal\/index.php\/wp-json\/wp\/v2\/categories?post=15140"},{"taxonomy":"post_tag","embeddable":true,"href":"https:\/\/dgospel.com.br\/portal\/index.php\/wp-json\/wp\/v2\/tags?post=15140"}],"curies":[{"name":"wp","href":"https:\/\/api.w.org\/{rel}","templated":true}]}}