{"id":15146,"date":"2023-03-20T17:07:22","date_gmt":"2023-03-20T20:07:22","guid":{"rendered":"http:\/\/dgospel.com.br\/portal\/?p=15146"},"modified":"2023-03-20T17:07:23","modified_gmt":"2023-03-20T20:07:23","slug":"tcu-dilma-deixou-de-devolver-presentes-e-nao-pagou-por-itens","status":"publish","type":"post","link":"https:\/\/dgospel.com.br\/portal\/index.php\/2023\/03\/20\/tcu-dilma-deixou-de-devolver-presentes-e-nao-pagou-por-itens\/","title":{"rendered":"TCU: Dilma deixou de devolver presentes e n\u00e3o pagou por itens"},"content":{"rendered":"\n<p>A ex-presidente&nbsp;<a href=\"http:\/\/pleno.news\/tag\/dilma-rousseff\" target=\"_blank\" rel=\"noreferrer noopener\">Dilma Rousseff<\/a>&nbsp;(PT) incorporou a seu acervo pessoal 144 bens recebidos em cerim\u00f4nias no exterior e no Brasil entre 2011 e 2016, per\u00edodo em que ela foi a chefe do Executivo. A informa\u00e7\u00e3o consta em um levantamento da&nbsp;<a href=\"http:\/\/pleno.news\/tag\/cnn-brasil\" target=\"_blank\" rel=\"noreferrer noopener\">CNN Brasil<\/a>&nbsp;realizado a partir de decis\u00f5es do Tribunal de Contas da Uni\u00e3o.<\/p>\n\n\n\n<p>Em 2016, ano em que Dilma deixou o cargo de presidente, um ac\u00f3rd\u00e3o do TCU apontou a localiza\u00e7\u00e3o de 144 bens recebidos pela petista. Ao Tribunal de Contas, a Presid\u00eancia da Rep\u00fablica informou em 2019 que os objetos tinham sido localizados, mas faltavam seis itens, que eram os seguintes, de acordo com o Relat\u00f3rio Final da Comiss\u00e3o Especial que tratou do assunto \u00e0 \u00e9poca:<\/p>\n\n\n\n<p>\u2013 Rede de descanso intitulada de Hamaca de Tejido Larense;<br>\u2013 Travessa em madeira do fabricante Muskoka;<br>\u2013 Rel\u00f3gio de mesa com caixa circular em a\u00e7o inox, do fabricante Val Saint Lambert;<br>\u2013 Rel\u00f3gio de mesa fixado em suporte de madeira com porta-canetas;<br>\u2013 Painel em tape\u00e7aria (medindo 162,5 x 110 cm) mostrando homem tocando instrumento musical, do artista J. Fortes;<br>\u2013 Pintura em tecido (medindo 88 x 68cm) retratando mulher negra com pote na cabe\u00e7a e filho nas costas, com inscri\u00e7\u00e3o \u201cPovo Hereiro\u201d no verso.<\/p>\n\n\n\n<p>Em 2020, a unidade t\u00e9cnica da Corte de Contas refor\u00e7ou que restava localizar os seis bens recebidos pela ex-presidente, cujo valor correspondia a R$ 4.873. O montante, por\u00e9m, n\u00e3o foi pago pela ex-presidente Dilma Rousseff. Segundo o TCU, apesar de tentativas de cobran\u00e7a \u00e0 \u00e9poca, o valor n\u00e3o foi quitado pela petista. Com isso, o recolhimento do montante foi dispensado.<\/p>\n\n\n\n<p>\u2013 Assim, como o total relativo aos bens faltantes da ex-presidente Dilma Rousseff era de baixa materialidade, n\u00e3o cabia ao TCU a cobran\u00e7a desse valor \u2013 afirmou a Corte \u00e0 CNN.<\/p>\n","protected":false},"excerpt":{"rendered":"<p>A ex-presidente&nbsp;Dilma Rousseff&nbsp;(PT) incorporou a seu acervo pessoal 144 bens recebidos em cerim\u00f4nias no exterior e no Brasil entre 2011 e 2016, per\u00edodo em que ela foi a chefe do Executivo. A informa\u00e7\u00e3o consta em um levantamento da&nbsp;CNN Brasil&nbsp;realizado a partir de decis\u00f5es do Tribunal de Contas da Uni\u00e3o. Em 2016, ano em que Dilma [&hellip;]<\/p>\n","protected":false},"author":2,"featured_media":15147,"comment_status":"open","ping_status":"open","sticky":false,"template":"","format":"standard","meta":[],"categories":[10],"tags":[],"_links":{"self":[{"href":"https:\/\/dgospel.com.br\/portal\/index.php\/wp-json\/wp\/v2\/posts\/15146"}],"collection":[{"href":"https:\/\/dgospel.com.br\/portal\/index.php\/wp-json\/wp\/v2\/posts"}],"about":[{"href":"https:\/\/dgospel.com.br\/portal\/index.php\/wp-json\/wp\/v2\/types\/post"}],"author":[{"embeddable":true,"href":"https:\/\/dgospel.com.br\/portal\/index.php\/wp-json\/wp\/v2\/users\/2"}],"replies":[{"embeddable":true,"href":"https:\/\/dgospel.com.br\/portal\/index.php\/wp-json\/wp\/v2\/comments?post=15146"}],"version-history":[{"count":1,"href":"https:\/\/dgospel.com.br\/portal\/index.php\/wp-json\/wp\/v2\/posts\/15146\/revisions"}],"predecessor-version":[{"id":15148,"href":"https:\/\/dgospel.com.br\/portal\/index.php\/wp-json\/wp\/v2\/posts\/15146\/revisions\/15148"}],"wp:featuredmedia":[{"embeddable":true,"href":"https:\/\/dgospel.com.br\/portal\/index.php\/wp-json\/wp\/v2\/media\/15147"}],"wp:attachment":[{"href":"https:\/\/dgospel.com.br\/portal\/index.php\/wp-json\/wp\/v2\/media?parent=15146"}],"wp:term":[{"taxonomy":"category","embeddable":true,"href":"https:\/\/dgospel.com.br\/portal\/index.php\/wp-json\/wp\/v2\/categories?post=15146"},{"taxonomy":"post_tag","embeddable":true,"href":"https:\/\/dgospel.com.br\/portal\/index.php\/wp-json\/wp\/v2\/tags?post=15146"}],"curies":[{"name":"wp","href":"https:\/\/api.w.org\/{rel}","templated":true}]}}