{"id":15149,"date":"2023-03-20T17:09:18","date_gmt":"2023-03-20T20:09:18","guid":{"rendered":"http:\/\/dgospel.com.br\/portal\/?p=15149"},"modified":"2023-03-20T17:09:20","modified_gmt":"2023-03-20T20:09:20","slug":"mourao-governo-quer-rebaixar-militar-a-segunda-categoria","status":"publish","type":"post","link":"https:\/\/dgospel.com.br\/portal\/index.php\/2023\/03\/20\/mourao-governo-quer-rebaixar-militar-a-segunda-categoria\/","title":{"rendered":"Mour\u00e3o: Governo quer rebaixar militar \u00e0 \u201csegunda categoria\u201d"},"content":{"rendered":"\n<p>O senador Hamilton Mour\u00e3o (Republicanos-RS) afirmou que a proposta do governo Lula (PT) de vedar cargos p\u00fablicos aos militares da ativa tem como finalidade trat\u00e1-los como \u201ccidad\u00e3os de segunda categoria\u201d.<\/p>\n\n\n\n<p>A declara\u00e7\u00e3o ocorreu durante entrevista \u00e0 Folha quando o ex-vice-presidente da Rep\u00fablica foi questionado sobre a iniciativa do PT em p\u00f4r fim \u00e0s opera\u00e7\u00f5es de Garantia da Lei e da Ordem (GLO). De acordo com ele, a inten\u00e7\u00e3o \u00e9 apenas \u201ctacar fogo no parquinho\u201d.<\/p>\n\n\n\n<p>Quanto \u00e0 proposta do ministro da Defesa, Jos\u00e9 M\u00facio Monteiro, para impedir que militares sejam empossados em cargos pol\u00edticos, Mour\u00e3o respondeu sem parcim\u00f4nia.<\/p>\n\n\n\n<p>\u2013 Na realidade, ela [proposta] quer tratar os militares como cidad\u00e3os de segunda categoria. A legisla\u00e7\u00e3o \u00e9 muito clara: se o militar vai concorrer a um cargo eletivo, ele vai ter que se filiar a um partido pol\u00edtico (\u2026) e entrar em licen\u00e7a.<\/p>\n\n\n\n<p>\u2013 Se voc\u00ea tem uma pessoa dentro do Ex\u00e9rcito, Marinha ou For\u00e7a A\u00e9rea com compet\u00eancia espec\u00edfica para um cargo, voc\u00ea vai deixar de usar aquele servidor que n\u00f3s, a na\u00e7\u00e3o, treinamos, conseguimos os meios para ele estudar e se aperfei\u00e7oar? \u201cN\u00e3o, eu vou deixar esse cara aqui, ele s\u00f3 serve para ir para a guerra\u201d \u2013 concluiu.<\/p>\n","protected":false},"excerpt":{"rendered":"<p>O senador Hamilton Mour\u00e3o (Republicanos-RS) afirmou que a proposta do governo Lula (PT) de vedar cargos p\u00fablicos aos militares da ativa tem como finalidade trat\u00e1-los como \u201ccidad\u00e3os de segunda categoria\u201d. A declara\u00e7\u00e3o ocorreu durante entrevista \u00e0 Folha quando o ex-vice-presidente da Rep\u00fablica foi questionado sobre a iniciativa do PT em p\u00f4r fim \u00e0s opera\u00e7\u00f5es de [&hellip;]<\/p>\n","protected":false},"author":2,"featured_media":15150,"comment_status":"open","ping_status":"open","sticky":false,"template":"","format":"standard","meta":[],"categories":[4],"tags":[],"_links":{"self":[{"href":"https:\/\/dgospel.com.br\/portal\/index.php\/wp-json\/wp\/v2\/posts\/15149"}],"collection":[{"href":"https:\/\/dgospel.com.br\/portal\/index.php\/wp-json\/wp\/v2\/posts"}],"about":[{"href":"https:\/\/dgospel.com.br\/portal\/index.php\/wp-json\/wp\/v2\/types\/post"}],"author":[{"embeddable":true,"href":"https:\/\/dgospel.com.br\/portal\/index.php\/wp-json\/wp\/v2\/users\/2"}],"replies":[{"embeddable":true,"href":"https:\/\/dgospel.com.br\/portal\/index.php\/wp-json\/wp\/v2\/comments?post=15149"}],"version-history":[{"count":1,"href":"https:\/\/dgospel.com.br\/portal\/index.php\/wp-json\/wp\/v2\/posts\/15149\/revisions"}],"predecessor-version":[{"id":15151,"href":"https:\/\/dgospel.com.br\/portal\/index.php\/wp-json\/wp\/v2\/posts\/15149\/revisions\/15151"}],"wp:featuredmedia":[{"embeddable":true,"href":"https:\/\/dgospel.com.br\/portal\/index.php\/wp-json\/wp\/v2\/media\/15150"}],"wp:attachment":[{"href":"https:\/\/dgospel.com.br\/portal\/index.php\/wp-json\/wp\/v2\/media?parent=15149"}],"wp:term":[{"taxonomy":"category","embeddable":true,"href":"https:\/\/dgospel.com.br\/portal\/index.php\/wp-json\/wp\/v2\/categories?post=15149"},{"taxonomy":"post_tag","embeddable":true,"href":"https:\/\/dgospel.com.br\/portal\/index.php\/wp-json\/wp\/v2\/tags?post=15149"}],"curies":[{"name":"wp","href":"https:\/\/api.w.org\/{rel}","templated":true}]}}