{"id":15152,"date":"2023-03-20T17:11:08","date_gmt":"2023-03-20T20:11:08","guid":{"rendered":"http:\/\/dgospel.com.br\/portal\/?p=15152"},"modified":"2023-03-20T17:11:10","modified_gmt":"2023-03-20T20:11:10","slug":"abaixo-assinado-pede-a-pacheco-a-instalacao-da-cpmi-dos-atos","status":"publish","type":"post","link":"https:\/\/dgospel.com.br\/portal\/index.php\/2023\/03\/20\/abaixo-assinado-pede-a-pacheco-a-instalacao-da-cpmi-dos-atos\/","title":{"rendered":"Abaixo-assinado pede a Pacheco a instala\u00e7\u00e3o da CPMI dos atos"},"content":{"rendered":"\n<p>Um abaixo-assinado criado pelo deputado federal&nbsp;<a href=\"http:\/\/pleno.news\/tag\/andre-fernandes\" target=\"_blank\" rel=\"noreferrer noopener\">Andr\u00e9 Fernandes<\/a>&nbsp;(PL-CE) pretende pressionar o presidente do Congresso Nacional, senador&nbsp;<a href=\"http:\/\/pleno.news\/tag\/rodrigo-pacheco\" target=\"_blank\" rel=\"noreferrer noopener\">Rodrigo Pacheco<\/a>&nbsp;(PSD-MG), a instalar a Comiss\u00e3o Parlamentar Mista de Inqu\u00e9rito (CPMI) que tem como objetivo apurar as circunst\u00e2ncias dos atos do dia 8 de janeiro.<\/p>\n\n\n\n<p>As assinaturas necess\u00e1rias para que a CPMI seja iniciada j\u00e1 foram reunidas e o requerimento para a instala\u00e7\u00e3o do colegiado j\u00e1 foi protocolado no Congresso. No entanto, o senador Rodrigo Pacheco ainda n\u00e3o fez a leitura do item no Congresso, algo necess\u00e1rio para que a comiss\u00e3o possa come\u00e7ar os trabalhos.<\/p>\n\n\n\n<p>At\u00e9 a manh\u00e3 desta segunda-feira (20), a ades\u00e3o ao abaixo-assinado era de cerca de 61 mil assinaturas para uma meta de 75 mil apoios. No texto do documento, Fernandes escreveu que \u201co Congresso Nacional e o povo querem a verdade\u201d e destacou que informa\u00e7\u00f5es publicadas pela imprensa d\u00e3o conta de que o governo foi alertado sobre o risco de ataques em Bras\u00edlia.<\/p>\n\n\n\n<p>O abaixo-assinado est\u00e1 dispon\u00edvel&nbsp;<a href=\"https:\/\/www.change.org\/p\/pela-instala%C3%A7%C3%A3o-da-cpmi-do-8-de-janeiro-no-congresso-nacional?utm_source=share_petition&amp;utm_medium=custom_url&amp;recruited_by_id=1117e260-9f88-11ed-b7fe-b103ae297cb5\" target=\"_blank\" rel=\"noreferrer noopener\">neste link<\/a>&nbsp;e para oficializar o apoio \u00e9 necess\u00e1rio apenas a inser\u00e7\u00e3o de dados como nome, sobrenome e endere\u00e7o de email.<\/p>\n","protected":false},"excerpt":{"rendered":"<p>Um abaixo-assinado criado pelo deputado federal&nbsp;Andr\u00e9 Fernandes&nbsp;(PL-CE) pretende pressionar o presidente do Congresso Nacional, senador&nbsp;Rodrigo Pacheco&nbsp;(PSD-MG), a instalar a Comiss\u00e3o Parlamentar Mista de Inqu\u00e9rito (CPMI) que tem como objetivo apurar as circunst\u00e2ncias dos atos do dia 8 de janeiro. As assinaturas necess\u00e1rias para que a CPMI seja iniciada j\u00e1 foram reunidas e o requerimento para [&hellip;]<\/p>\n","protected":false},"author":2,"featured_media":15153,"comment_status":"open","ping_status":"open","sticky":false,"template":"","format":"standard","meta":[],"categories":[8],"tags":[],"_links":{"self":[{"href":"https:\/\/dgospel.com.br\/portal\/index.php\/wp-json\/wp\/v2\/posts\/15152"}],"collection":[{"href":"https:\/\/dgospel.com.br\/portal\/index.php\/wp-json\/wp\/v2\/posts"}],"about":[{"href":"https:\/\/dgospel.com.br\/portal\/index.php\/wp-json\/wp\/v2\/types\/post"}],"author":[{"embeddable":true,"href":"https:\/\/dgospel.com.br\/portal\/index.php\/wp-json\/wp\/v2\/users\/2"}],"replies":[{"embeddable":true,"href":"https:\/\/dgospel.com.br\/portal\/index.php\/wp-json\/wp\/v2\/comments?post=15152"}],"version-history":[{"count":1,"href":"https:\/\/dgospel.com.br\/portal\/index.php\/wp-json\/wp\/v2\/posts\/15152\/revisions"}],"predecessor-version":[{"id":15154,"href":"https:\/\/dgospel.com.br\/portal\/index.php\/wp-json\/wp\/v2\/posts\/15152\/revisions\/15154"}],"wp:featuredmedia":[{"embeddable":true,"href":"https:\/\/dgospel.com.br\/portal\/index.php\/wp-json\/wp\/v2\/media\/15153"}],"wp:attachment":[{"href":"https:\/\/dgospel.com.br\/portal\/index.php\/wp-json\/wp\/v2\/media?parent=15152"}],"wp:term":[{"taxonomy":"category","embeddable":true,"href":"https:\/\/dgospel.com.br\/portal\/index.php\/wp-json\/wp\/v2\/categories?post=15152"},{"taxonomy":"post_tag","embeddable":true,"href":"https:\/\/dgospel.com.br\/portal\/index.php\/wp-json\/wp\/v2\/tags?post=15152"}],"curies":[{"name":"wp","href":"https:\/\/api.w.org\/{rel}","templated":true}]}}