{"id":15158,"date":"2023-03-22T09:12:29","date_gmt":"2023-03-22T12:12:29","guid":{"rendered":"http:\/\/dgospel.com.br\/portal\/?p=15158"},"modified":"2023-03-22T09:12:30","modified_gmt":"2023-03-22T12:12:30","slug":"moro-sobre-lula-aparentemente-aprendeu-apenas-linguajar-de-cadeia","status":"publish","type":"post","link":"https:\/\/dgospel.com.br\/portal\/index.php\/2023\/03\/22\/moro-sobre-lula-aparentemente-aprendeu-apenas-linguajar-de-cadeia\/","title":{"rendered":"Moro sobre Lula: \u201cAparentemente aprendeu apenas linguajar de cadeia\u201d"},"content":{"rendered":"\n<p>O senador Sergio Moro (Uni\u00e3o Brasil-PR) voltou a se manifestar sobre a declara\u00e7\u00e3o ofensiva do presidente Luiz In\u00e1cio Lula da Silva (PT) a seu respeito. Mais cedo, o chefe do Executivo confessou que, na pris\u00e3o, tinha a ideia fixa de \u201cf**** com Moro\u201d e \u201cse vingar\u201d.<\/p>\n\n\n\n<p>Em um v\u00eddeo compartilhado pelo site O Antagonista, o ex-juiz da Lava Jato disse que ficou chocado com a fala do petista. Segundo Moro, Lula \u201caparentemente, aprendeu apenas linguajar de cadeia\u201d.<\/p>\n\n\n\n<p>\u2013 Ah, fiquei chocado com a fala. (\u2026) Um linguajar todo inadequado para um presidente. E eu fico pensando o que o presidente aprendeu nesse per\u00edodo. Devia fazer uma reflex\u00e3o e evitar todos aqueles planos de corrup\u00e7\u00e3o que aconteceram no governo do PT. Ao contr\u00e1rio, aparentemente, ele aprendeu apenas o linguajar de cadeia. Ent\u00e3o, repudio essa fala e continuo em frente.<\/p>\n\n\n\n<p>Confira no link abaixo:<\/p>\n\n\n\n<p><a href=\"https:\/\/www.instagram.com\/p\/CqEkKL0g7mp\/\">https:\/\/www.instagram.com\/p\/CqEkKL0g7mp\/<\/a><\/p>\n","protected":false},"excerpt":{"rendered":"<p>O senador Sergio Moro (Uni\u00e3o Brasil-PR) voltou a se manifestar sobre a declara\u00e7\u00e3o ofensiva do presidente Luiz In\u00e1cio Lula da Silva (PT) a seu respeito. Mais cedo, o chefe do Executivo confessou que, na pris\u00e3o, tinha a ideia fixa de \u201cf**** com Moro\u201d e \u201cse vingar\u201d. Em um v\u00eddeo compartilhado pelo site O Antagonista, o [&hellip;]<\/p>\n","protected":false},"author":2,"featured_media":15159,"comment_status":"open","ping_status":"open","sticky":false,"template":"","format":"standard","meta":[],"categories":[10],"tags":[],"_links":{"self":[{"href":"https:\/\/dgospel.com.br\/portal\/index.php\/wp-json\/wp\/v2\/posts\/15158"}],"collection":[{"href":"https:\/\/dgospel.com.br\/portal\/index.php\/wp-json\/wp\/v2\/posts"}],"about":[{"href":"https:\/\/dgospel.com.br\/portal\/index.php\/wp-json\/wp\/v2\/types\/post"}],"author":[{"embeddable":true,"href":"https:\/\/dgospel.com.br\/portal\/index.php\/wp-json\/wp\/v2\/users\/2"}],"replies":[{"embeddable":true,"href":"https:\/\/dgospel.com.br\/portal\/index.php\/wp-json\/wp\/v2\/comments?post=15158"}],"version-history":[{"count":1,"href":"https:\/\/dgospel.com.br\/portal\/index.php\/wp-json\/wp\/v2\/posts\/15158\/revisions"}],"predecessor-version":[{"id":15160,"href":"https:\/\/dgospel.com.br\/portal\/index.php\/wp-json\/wp\/v2\/posts\/15158\/revisions\/15160"}],"wp:featuredmedia":[{"embeddable":true,"href":"https:\/\/dgospel.com.br\/portal\/index.php\/wp-json\/wp\/v2\/media\/15159"}],"wp:attachment":[{"href":"https:\/\/dgospel.com.br\/portal\/index.php\/wp-json\/wp\/v2\/media?parent=15158"}],"wp:term":[{"taxonomy":"category","embeddable":true,"href":"https:\/\/dgospel.com.br\/portal\/index.php\/wp-json\/wp\/v2\/categories?post=15158"},{"taxonomy":"post_tag","embeddable":true,"href":"https:\/\/dgospel.com.br\/portal\/index.php\/wp-json\/wp\/v2\/tags?post=15158"}],"curies":[{"name":"wp","href":"https:\/\/api.w.org\/{rel}","templated":true}]}}