{"id":15161,"date":"2023-03-22T09:17:14","date_gmt":"2023-03-22T12:17:14","guid":{"rendered":"http:\/\/dgospel.com.br\/portal\/?p=15161"},"modified":"2023-03-22T09:17:16","modified_gmt":"2023-03-22T12:17:16","slug":"policiais-ida-de-dino-a-mare-sem-aval-do-trafico-seria-impossivel","status":"publish","type":"post","link":"https:\/\/dgospel.com.br\/portal\/index.php\/2023\/03\/22\/policiais-ida-de-dino-a-mare-sem-aval-do-trafico-seria-impossivel\/","title":{"rendered":"Policiais: Ida de Dino \u00e0 Mar\u00e9 sem aval do tr\u00e1fico seria imposs\u00edvel"},"content":{"rendered":"\n<p>Ex-comandante de opera\u00e7\u00f5es no Complexo da Mar\u00e9, o coronel da Pol\u00edcia Militar do Rio de Janeiro (PMERJ) F\u00e1bio Cajueiro afirmou que a visita do ministro da Justi\u00e7a, Fl\u00e1vio Dino, a favela Nova Holanda n\u00e3o pode ter ocorrido sem a permiss\u00e3o das lideran\u00e7as do Comando Vermelho.<\/p>\n\n\n\n<p>Dino e sua comitiva chamaram aten\u00e7\u00e3o na \u00faltima semana por chegarem na comunidade pertencente ao Complexo da Mar\u00e9 \u2013 considerado o mais armado do Brasil \u2013 com apenas dois carros. Segundo o ministro, tratava-se de um encontro com lideran\u00e7as e ativistas de direitos humanos, al\u00e9m de comitivas da rede internacional Open Society, do bilion\u00e1rio George Soros.<\/p>\n\n\n\n<p>\u2013 N\u00e3o tem nenhum cidad\u00e3o no mundo que entre na Mar\u00e9 com dois carros grandes, com insulfilm, sem a anu\u00eancia e a concord\u00e2ncia do narcotr\u00e1fico. Tanto que para a PM ou qualquer outra for\u00e7a policial entrar \u00e9 s\u00f3 com blindados, com uma opera\u00e7\u00e3o grande, com helic\u00f3pteros. E mesmo assim, a resist\u00eancia ser\u00e1 de grandes propor\u00e7\u00f5es \u2013 disse Cajueiro em entrevista ao Gazeta do Povo.<\/p>\n\n\n\n<p>O coronel foi categ\u00f3rico ao dizer que \u201cnenhuma autoridade do Brasil ou de qualquer lugar do mundo entraria ali sem a autoriza\u00e7\u00e3o das lideran\u00e7as do narcotr\u00e1fico \u2013 seja juiz, promotor, desembargador, ministro, presidente\u201d.<\/p>\n\n\n\n<p>O Minist\u00e9rio da Justi\u00e7a e Seguran\u00e7a P\u00fablica (MJSP) afirmou que membros descaracterizados da Pol\u00edcia Federal (PF), da Pol\u00edcia Rodovi\u00e1ria Federal (PRF), da Pol\u00edcia Militar (PM) e da Pol\u00edcia Civil do Rio de Janeiro teriam atuado na seguran\u00e7a do ministro.<\/p>\n\n\n\n<p>No entanto, segundo um policial da alta c\u00fapula da PCERJ (Pol\u00edcia Civil do Estado do Rio de Janeiro) que preferiu n\u00e3o se identificar, seria preciso uma opera\u00e7\u00e3o com entre 100 a 200 policiais armados com fuzis \u2013 e n\u00e3o pistolas, como no caso dos descaracterizados \u2013 para garantir a seguran\u00e7a do ministro.<\/p>\n\n\n\n<p>O policial explicou ainda que a autoriza\u00e7\u00e3o do tr\u00e1fico para a entrada de autoridades costuma ser feita por meio de ONGs ou associa\u00e7\u00f5es de moradores e \u00e9 concedida a lideran\u00e7as que o tr\u00e1fico n\u00e3o considera uma amea\u00e7a.<\/p>\n\n\n\n<p>\u2013 Muitas dessas ONGs e associa\u00e7\u00f5es fazem convites para pessoas de fora visitarem as favelas, e essas pessoas de maneira incr\u00edvel n\u00e3o t\u00eam nenhum tipo de problema com viol\u00eancia dentro da favela. Agora se qualquer pessoa de fora, ou uma viatura policial ou outra autoridade do aparato repressivo do Estado for l\u00e1, vai ter s\u00e9rios problemas \u2013 pontuou.<\/p>\n","protected":false},"excerpt":{"rendered":"<p>Ex-comandante de opera\u00e7\u00f5es no Complexo da Mar\u00e9, o coronel da Pol\u00edcia Militar do Rio de Janeiro (PMERJ) F\u00e1bio Cajueiro afirmou que a visita do ministro da Justi\u00e7a, Fl\u00e1vio Dino, a favela Nova Holanda n\u00e3o pode ter ocorrido sem a permiss\u00e3o das lideran\u00e7as do Comando Vermelho. Dino e sua comitiva chamaram aten\u00e7\u00e3o na \u00faltima semana por [&hellip;]<\/p>\n","protected":false},"author":2,"featured_media":15162,"comment_status":"open","ping_status":"open","sticky":false,"template":"","format":"standard","meta":[],"categories":[10],"tags":[],"_links":{"self":[{"href":"https:\/\/dgospel.com.br\/portal\/index.php\/wp-json\/wp\/v2\/posts\/15161"}],"collection":[{"href":"https:\/\/dgospel.com.br\/portal\/index.php\/wp-json\/wp\/v2\/posts"}],"about":[{"href":"https:\/\/dgospel.com.br\/portal\/index.php\/wp-json\/wp\/v2\/types\/post"}],"author":[{"embeddable":true,"href":"https:\/\/dgospel.com.br\/portal\/index.php\/wp-json\/wp\/v2\/users\/2"}],"replies":[{"embeddable":true,"href":"https:\/\/dgospel.com.br\/portal\/index.php\/wp-json\/wp\/v2\/comments?post=15161"}],"version-history":[{"count":1,"href":"https:\/\/dgospel.com.br\/portal\/index.php\/wp-json\/wp\/v2\/posts\/15161\/revisions"}],"predecessor-version":[{"id":15163,"href":"https:\/\/dgospel.com.br\/portal\/index.php\/wp-json\/wp\/v2\/posts\/15161\/revisions\/15163"}],"wp:featuredmedia":[{"embeddable":true,"href":"https:\/\/dgospel.com.br\/portal\/index.php\/wp-json\/wp\/v2\/media\/15162"}],"wp:attachment":[{"href":"https:\/\/dgospel.com.br\/portal\/index.php\/wp-json\/wp\/v2\/media?parent=15161"}],"wp:term":[{"taxonomy":"category","embeddable":true,"href":"https:\/\/dgospel.com.br\/portal\/index.php\/wp-json\/wp\/v2\/categories?post=15161"},{"taxonomy":"post_tag","embeddable":true,"href":"https:\/\/dgospel.com.br\/portal\/index.php\/wp-json\/wp\/v2\/tags?post=15161"}],"curies":[{"name":"wp","href":"https:\/\/api.w.org\/{rel}","templated":true}]}}