{"id":15164,"date":"2023-03-22T16:33:04","date_gmt":"2023-03-22T19:33:04","guid":{"rendered":"http:\/\/dgospel.com.br\/portal\/?p=15164"},"modified":"2023-03-22T17:44:20","modified_gmt":"2023-03-22T20:44:20","slug":"camara-de-palmas-mantem-veto-da-prefeita-cinthia-ao-projeto-que-proibia-linguagem-neutra-nas-escolas","status":"publish","type":"post","link":"https:\/\/dgospel.com.br\/portal\/index.php\/2023\/03\/22\/camara-de-palmas-mantem-veto-da-prefeita-cinthia-ao-projeto-que-proibia-linguagem-neutra-nas-escolas\/","title":{"rendered":"Rubens Uch\u00f4a vota contra veto da prefeita Cinthia que proibia linguagem neutra nas escolas"},"content":{"rendered":"\n<p>A C\u00e2mara de Palmas manteve nesta quarta-feira, 22, o veto da prefeita Cinthia Ribeiro (PSDB) \u00e0 lei de autoria do agora deputado federal Filipe Martins (PL) que pretendia proibir o uso da linguagem neutra nas escolas p\u00fablicas e privadas e em concursos da Capital.<\/p>\n\n\n\n<p>Mesmo havendo grande press\u00e3o por l\u00edderes religiosos, educadores conservadores e alguns vereadores que se posicionaram contra o veto, no entanto 11 parlamentares da base de prefeita votaram pela manuten\u00e7\u00e3o do veto. 8 votaram pela derrubada do veto.<\/p>\n\n\n\n<p>O vereador <a href=\"https:\/\/sapl.palmas.to.leg.br\/parlamentar\/39\">Rubens Uch\u00f4a<\/a> que votou contra o veto disse estar decepcionado com alguns vereadores que no discurso se diziam ser contra, mas na hora votaram pela manuten\u00e7\u00e3o do veto. \u201cEstou decepcionado com alguns colegas, que no discurso dizia uma coisa, mas na hora d\u00e1 vota\u00e7\u00e3o fizeram o contr\u00e1rio\u201d, lamentou o parlamentar.<\/p>\n\n\n\n<p>\u201cVotei contra o veto, pois sou contra o uso da linguagem neutra, e a minha posi\u00e7\u00e3o sempre ser\u00e1 em defesa da fam\u00edlia e de nossas crian\u00e7as\u201d, disse Uch\u00f4a. &nbsp;<\/p>\n\n\n\n<p>Com a decis\u00e3o da manuten\u00e7\u00e3o do veto, a linguagem neutra poder\u00e1 ser adotada em Palmas -TO a qualquer momento, uma vez que n\u00e3o h\u00e1 lei &nbsp;que pro\u00edbe.<\/p>\n\n\n\n<p>O Pa\u00e7o alega que optou por vetar o texto por inconstitucionalidade, j\u00e1 que a legisla\u00e7\u00e3o sobre o tema \u00e9 de compet\u00eancia exclusiva da Uni\u00e3o.<\/p>\n\n\n\n<p><\/p>\n","protected":false},"excerpt":{"rendered":"<p>A C\u00e2mara de Palmas manteve nesta quarta-feira, 22, o veto da prefeita Cinthia Ribeiro (PSDB) \u00e0 lei de autoria do agora deputado federal Filipe Martins (PL) que pretendia proibir o uso da linguagem neutra nas escolas p\u00fablicas e privadas e em concursos da Capital. Mesmo havendo grande press\u00e3o por l\u00edderes religiosos, educadores conservadores e alguns [&hellip;]<\/p>\n","protected":false},"author":2,"featured_media":15166,"comment_status":"open","ping_status":"open","sticky":false,"template":"","format":"standard","meta":[],"categories":[8],"tags":[],"_links":{"self":[{"href":"https:\/\/dgospel.com.br\/portal\/index.php\/wp-json\/wp\/v2\/posts\/15164"}],"collection":[{"href":"https:\/\/dgospel.com.br\/portal\/index.php\/wp-json\/wp\/v2\/posts"}],"about":[{"href":"https:\/\/dgospel.com.br\/portal\/index.php\/wp-json\/wp\/v2\/types\/post"}],"author":[{"embeddable":true,"href":"https:\/\/dgospel.com.br\/portal\/index.php\/wp-json\/wp\/v2\/users\/2"}],"replies":[{"embeddable":true,"href":"https:\/\/dgospel.com.br\/portal\/index.php\/wp-json\/wp\/v2\/comments?post=15164"}],"version-history":[{"count":3,"href":"https:\/\/dgospel.com.br\/portal\/index.php\/wp-json\/wp\/v2\/posts\/15164\/revisions"}],"predecessor-version":[{"id":15173,"href":"https:\/\/dgospel.com.br\/portal\/index.php\/wp-json\/wp\/v2\/posts\/15164\/revisions\/15173"}],"wp:featuredmedia":[{"embeddable":true,"href":"https:\/\/dgospel.com.br\/portal\/index.php\/wp-json\/wp\/v2\/media\/15166"}],"wp:attachment":[{"href":"https:\/\/dgospel.com.br\/portal\/index.php\/wp-json\/wp\/v2\/media?parent=15164"}],"wp:term":[{"taxonomy":"category","embeddable":true,"href":"https:\/\/dgospel.com.br\/portal\/index.php\/wp-json\/wp\/v2\/categories?post=15164"},{"taxonomy":"post_tag","embeddable":true,"href":"https:\/\/dgospel.com.br\/portal\/index.php\/wp-json\/wp\/v2\/tags?post=15164"}],"curies":[{"name":"wp","href":"https:\/\/api.w.org\/{rel}","templated":true}]}}