{"id":1517,"date":"2018-10-05T13:21:53","date_gmt":"2018-10-05T16:21:53","guid":{"rendered":"http:\/\/dgospel.com.br\/portal\/?p=1517"},"modified":"2018-10-05T13:21:53","modified_gmt":"2018-10-05T16:21:53","slug":"caminhada-contra-o-cancer-reune-mais-de-2-mil-mulheres-em-palm","status":"publish","type":"post","link":"https:\/\/dgospel.com.br\/portal\/index.php\/2018\/10\/05\/caminhada-contra-o-cancer-reune-mais-de-2-mil-mulheres-em-palm\/","title":{"rendered":"Caminhada contra o c\u00e2ncer re\u00fane mais de 2 mil mulheres em Palm"},"content":{"rendered":"<p class=\"yiv6931547656MsoNormal\">Em continuidade \u00e0 programa\u00e7\u00e3o da 4\u00aa Corrida Sebrae Compre do Pequeno, mais de 2 mil mulheres participaram da caminhada da Liga Feminina de Combate ao C\u00e2ncer. Com camisetas rosas, as participantes percorreram cerca de 2km do Parque dos Povos Ind\u00edgenas at\u00e9 a Avenida JK.\u00a0 A Prefeitura de Palmas, parceira do evento, estava representada por servidoras e gestores municipais.<\/p>\n<p class=\"yiv6931547656MsoNormal\">A superintendente do Senar Tocantins, Rayley Lusa, apoiou a iniciativa da Liga Feminina e levou um grupo com 42 mulheres colaboradoras para participar da corrida. &#8220;\u00c9 uma oportunidade para unirmos for\u00e7as contra essa doen\u00e7a que aflige muitas mulheres. A mensagem principal da caminhada \u00e9 que as mulheres devem se cuidar, praticar atividades f\u00edsicas e buscar viver bem&#8221;, diz Rayley.<\/p>\n<p class=\"yiv6931547656MsoNormal\">\n<p class=\"yiv6931547656MsoNormal\">J\u00e1 a gerente do Departamento de Educa\u00e7\u00e3o Profissional Rural do Senar Tocantins<b>,<\/b>Mara L\u00facia Borges Leal, levou suas duas filhas, a Ana Rita, de 12 anos, e Marcela, de oito anos, para apoiar a luta contra o c\u00e2ncer. \u00a0&#8220;Eu j\u00e1 trabalho com atendimento das mulheres na Carreta do Senar ent\u00e3o trouxe minhas filhas para conhecer esse trabalho da Liga Feminina e a import\u00e2ncia de a\u00e7\u00f5es preventivas contra o c\u00e2ncer&#8221;, disse a m\u00e3e.<\/p>\n<p class=\"yiv6931547656MsoNormal\">O aquecimento e o alongamento ficou por conta das professoras do grupo Elite Assessoria Esportiva parceira do evento.<\/p>\n","protected":false},"excerpt":{"rendered":"<p>Em continuidade \u00e0 programa\u00e7\u00e3o da 4\u00aa Corrida Sebrae Compre do Pequeno, mais de 2 mil mulheres participaram da caminhada da Liga Feminina de Combate ao C\u00e2ncer. Com camisetas rosas, as participantes percorreram cerca de 2km do Parque dos Povos Ind\u00edgenas at\u00e9 a Avenida JK.\u00a0 A Prefeitura de Palmas, parceira do evento, estava representada por servidoras [&hellip;]<\/p>\n","protected":false},"author":2,"featured_media":1518,"comment_status":"open","ping_status":"open","sticky":false,"template":"","format":"standard","meta":[],"categories":[2,3],"tags":[],"_links":{"self":[{"href":"https:\/\/dgospel.com.br\/portal\/index.php\/wp-json\/wp\/v2\/posts\/1517"}],"collection":[{"href":"https:\/\/dgospel.com.br\/portal\/index.php\/wp-json\/wp\/v2\/posts"}],"about":[{"href":"https:\/\/dgospel.com.br\/portal\/index.php\/wp-json\/wp\/v2\/types\/post"}],"author":[{"embeddable":true,"href":"https:\/\/dgospel.com.br\/portal\/index.php\/wp-json\/wp\/v2\/users\/2"}],"replies":[{"embeddable":true,"href":"https:\/\/dgospel.com.br\/portal\/index.php\/wp-json\/wp\/v2\/comments?post=1517"}],"version-history":[{"count":1,"href":"https:\/\/dgospel.com.br\/portal\/index.php\/wp-json\/wp\/v2\/posts\/1517\/revisions"}],"predecessor-version":[{"id":1519,"href":"https:\/\/dgospel.com.br\/portal\/index.php\/wp-json\/wp\/v2\/posts\/1517\/revisions\/1519"}],"wp:featuredmedia":[{"embeddable":true,"href":"https:\/\/dgospel.com.br\/portal\/index.php\/wp-json\/wp\/v2\/media\/1518"}],"wp:attachment":[{"href":"https:\/\/dgospel.com.br\/portal\/index.php\/wp-json\/wp\/v2\/media?parent=1517"}],"wp:term":[{"taxonomy":"category","embeddable":true,"href":"https:\/\/dgospel.com.br\/portal\/index.php\/wp-json\/wp\/v2\/categories?post=1517"},{"taxonomy":"post_tag","embeddable":true,"href":"https:\/\/dgospel.com.br\/portal\/index.php\/wp-json\/wp\/v2\/tags?post=1517"}],"curies":[{"name":"wp","href":"https:\/\/api.w.org\/{rel}","templated":true}]}}