{"id":15177,"date":"2023-03-22T18:13:04","date_gmt":"2023-03-22T21:13:04","guid":{"rendered":"http:\/\/dgospel.com.br\/portal\/?p=15177"},"modified":"2023-03-22T18:22:37","modified_gmt":"2023-03-22T21:22:37","slug":"governo-coloca-sob-sigilo-nomes-de-visitantes-recebidos-por-lula-no-palacio-da-alvorada","status":"publish","type":"post","link":"https:\/\/dgospel.com.br\/portal\/index.php\/2023\/03\/22\/governo-coloca-sob-sigilo-nomes-de-visitantes-recebidos-por-lula-no-palacio-da-alvorada\/","title":{"rendered":"Lula p\u00f5e sigilo nas visitas que recebe no Alvorada"},"content":{"rendered":"\n<p>No mesmo dia em que revogou o sigilo do antecessor, em 1\u00b0 de janeiro, o presidente Lula p\u00f4s em segredo as visitas que recebe no Pal\u00e1cio do Alvorada.<\/p>\n\n\n\n<p>\u201cOs registros de acessos ao Pal\u00e1cio da Alvorada, a partir de 1\u00ba de janeiro de 2023, possuem classifica\u00e7\u00e3o sigilosa no grau reservado\u201d, informou o Gabinete de Seguran\u00e7a Institucional, em nota.<\/p>\n\n\n\n<p>Durante a campanha eleitoral de 2022, Lula atacou&nbsp;<a href=\"https:\/\/twitter.com\/jairbolsonaro\" target=\"_blank\" rel=\"noreferrer noopener\"><strong>Jair Bolsonaro<\/strong><\/a>&nbsp;por n\u00e3o revelar dados relativos ao Poder Executivo. Ao tomar posse neste ano, ele prometeu que daria mais transpar\u00eancia a assuntos referentes ao poder p\u00fablico.<\/p>\n\n\n\n<p>Lula divulgou visitas \u00e0 ex-primeira-dama Michelle Bolsonaro no Pal\u00e1cio da Alvorada. Ao todo, foram revelados nomes de 565 pessoas que estiveram na resid\u00eancia oficial da Presid\u00eancia, entre eles, maquiadores e cabeleireiros.<\/p>\n\n\n\n<p>Outro sigilo revogado pelo governo Lula exp\u00f4s visitas dos&nbsp;filhos de Bolsonaro ao pai no Planalto.<\/p>\n\n\n\n<p>\u201cSe o atual presidente tivesse o m\u00ednimo de honestidade e seriedade, ele falar que eu montei quadrilha, com a quadrilha da rachadinha, do sigilo de cem anos, do Minist\u00e9rio da Educa\u00e7\u00e3o\u201d, disse Lula, durante debate contra Bolsonaro. \u201cEle vir falar de quadrilha comigo? Precisa se olhar no espelho.\u201d<\/p>\n","protected":false},"excerpt":{"rendered":"<p>No mesmo dia em que revogou o sigilo do antecessor, em 1\u00b0 de janeiro, o presidente Lula p\u00f4s em segredo as visitas que recebe no Pal\u00e1cio do Alvorada. \u201cOs registros de acessos ao Pal\u00e1cio da Alvorada, a partir de 1\u00ba de janeiro de 2023, possuem classifica\u00e7\u00e3o sigilosa no grau reservado\u201d, informou o Gabinete de Seguran\u00e7a [&hellip;]<\/p>\n","protected":false},"author":2,"featured_media":15178,"comment_status":"open","ping_status":"open","sticky":false,"template":"","format":"standard","meta":[],"categories":[10],"tags":[],"_links":{"self":[{"href":"https:\/\/dgospel.com.br\/portal\/index.php\/wp-json\/wp\/v2\/posts\/15177"}],"collection":[{"href":"https:\/\/dgospel.com.br\/portal\/index.php\/wp-json\/wp\/v2\/posts"}],"about":[{"href":"https:\/\/dgospel.com.br\/portal\/index.php\/wp-json\/wp\/v2\/types\/post"}],"author":[{"embeddable":true,"href":"https:\/\/dgospel.com.br\/portal\/index.php\/wp-json\/wp\/v2\/users\/2"}],"replies":[{"embeddable":true,"href":"https:\/\/dgospel.com.br\/portal\/index.php\/wp-json\/wp\/v2\/comments?post=15177"}],"version-history":[{"count":2,"href":"https:\/\/dgospel.com.br\/portal\/index.php\/wp-json\/wp\/v2\/posts\/15177\/revisions"}],"predecessor-version":[{"id":15180,"href":"https:\/\/dgospel.com.br\/portal\/index.php\/wp-json\/wp\/v2\/posts\/15177\/revisions\/15180"}],"wp:featuredmedia":[{"embeddable":true,"href":"https:\/\/dgospel.com.br\/portal\/index.php\/wp-json\/wp\/v2\/media\/15178"}],"wp:attachment":[{"href":"https:\/\/dgospel.com.br\/portal\/index.php\/wp-json\/wp\/v2\/media?parent=15177"}],"wp:term":[{"taxonomy":"category","embeddable":true,"href":"https:\/\/dgospel.com.br\/portal\/index.php\/wp-json\/wp\/v2\/categories?post=15177"},{"taxonomy":"post_tag","embeddable":true,"href":"https:\/\/dgospel.com.br\/portal\/index.php\/wp-json\/wp\/v2\/tags?post=15177"}],"curies":[{"name":"wp","href":"https:\/\/api.w.org\/{rel}","templated":true}]}}