{"id":15181,"date":"2023-03-22T18:25:20","date_gmt":"2023-03-22T21:25:20","guid":{"rendered":"http:\/\/dgospel.com.br\/portal\/?p=15181"},"modified":"2023-03-22T18:25:21","modified_gmt":"2023-03-22T21:25:21","slug":"eleitor-de-lula-mata-apoiador-de-bolsonaro","status":"publish","type":"post","link":"https:\/\/dgospel.com.br\/portal\/index.php\/2023\/03\/22\/eleitor-de-lula-mata-apoiador-de-bolsonaro\/","title":{"rendered":"Eleitor de Lula mata apoiador de Bolsonaro"},"content":{"rendered":"\n<p>Um homem morreu em um bar de Jaciara (MT), depois de uma discuss\u00e3o sobre pol\u00edtica. A v\u00edtima \u00e9 Valter Fernando da Silva, 36 anos, apoiador do ex-presidente Jair Bolsonaro. Ele n\u00e3o resistiu aos ferimentos, provocados por dois disparos feitos por&nbsp;Edno&nbsp;de Abadia Borges, 60 anos, eleitor de&nbsp;<a href=\"https:\/\/twitter.com\/LulaOficial?ref_src=twsrc%5Egoogle%7Ctwcamp%5Eserp%7Ctwgr%5Eauthor\" target=\"_blank\" rel=\"noreferrer noopener\"><strong>Lula<\/strong><\/a>.<\/p>\n\n\n\n<p>\u201cA v\u00edtima defendia posicionamentos pol\u00edticos de direita, enquanto o suspeito se alinhava \u00e0 esquerda\u201d, informou a Pol\u00edcia Civil de Mato Grosso, no domingo 19. \u201cLembrando que j\u00e1 haviam ingerido bastante \u00e1lcool, o que acalorou ainda mais a discuss\u00e3o e levou a esse fim tr\u00e1gico.\u201d<\/p>\n\n\n\n<p>Jos\u00e9&nbsp;Ramon&nbsp;Leite, delegado do caso, afirmou que&nbsp;Borges&nbsp;n\u00e3o possui registro de porte ou posse de arma de fogo. Tanto o eleitor de Lula, quanto o apoiador de Bolsonaro n\u00e3o tinham passagem pela pol\u00edcia.<\/p>\n\n\n\n<p>Agora, a pol\u00edcia trabalha para esclarecer alguns hiatos da investiga\u00e7\u00e3o: 1) o que teria motivado o crime; 2) qual foi o tema da discuss\u00e3o; 3) se&nbsp;Silva&nbsp;e Borges possu\u00edam algum tipo de rela\u00e7\u00e3o ou se encontraram no local apenas no dia do crime.<\/p>\n\n\n\n<p>A apura\u00e7\u00e3o preliminar confirmou que n\u00e3o h\u00e1 c\u00e2meras de seguran\u00e7a no local.<\/p>\n\n\n\n<p>Durante as buscas por Borges, o ve\u00edculo dele foi localizado pela Pol\u00edcia Militar com dois ocupantes. Eles confessaram que estavam procurando pelo suspeito para ajud\u00e1-lo a fugir para o munic\u00edpio de Campo Verde, a cerca de 70 quil\u00f4metros de onde aconteceu o crime. Borges ainda est\u00e1 foragido.<\/p>\n","protected":false},"excerpt":{"rendered":"<p>Um homem morreu em um bar de Jaciara (MT), depois de uma discuss\u00e3o sobre pol\u00edtica. A v\u00edtima \u00e9 Valter Fernando da Silva, 36 anos, apoiador do ex-presidente Jair Bolsonaro. Ele n\u00e3o resistiu aos ferimentos, provocados por dois disparos feitos por&nbsp;Edno&nbsp;de Abadia Borges, 60 anos, eleitor de&nbsp;Lula. \u201cA v\u00edtima defendia posicionamentos pol\u00edticos de direita, enquanto o [&hellip;]<\/p>\n","protected":false},"author":2,"featured_media":15182,"comment_status":"open","ping_status":"open","sticky":false,"template":"","format":"standard","meta":[],"categories":[10],"tags":[],"_links":{"self":[{"href":"https:\/\/dgospel.com.br\/portal\/index.php\/wp-json\/wp\/v2\/posts\/15181"}],"collection":[{"href":"https:\/\/dgospel.com.br\/portal\/index.php\/wp-json\/wp\/v2\/posts"}],"about":[{"href":"https:\/\/dgospel.com.br\/portal\/index.php\/wp-json\/wp\/v2\/types\/post"}],"author":[{"embeddable":true,"href":"https:\/\/dgospel.com.br\/portal\/index.php\/wp-json\/wp\/v2\/users\/2"}],"replies":[{"embeddable":true,"href":"https:\/\/dgospel.com.br\/portal\/index.php\/wp-json\/wp\/v2\/comments?post=15181"}],"version-history":[{"count":1,"href":"https:\/\/dgospel.com.br\/portal\/index.php\/wp-json\/wp\/v2\/posts\/15181\/revisions"}],"predecessor-version":[{"id":15183,"href":"https:\/\/dgospel.com.br\/portal\/index.php\/wp-json\/wp\/v2\/posts\/15181\/revisions\/15183"}],"wp:featuredmedia":[{"embeddable":true,"href":"https:\/\/dgospel.com.br\/portal\/index.php\/wp-json\/wp\/v2\/media\/15182"}],"wp:attachment":[{"href":"https:\/\/dgospel.com.br\/portal\/index.php\/wp-json\/wp\/v2\/media?parent=15181"}],"wp:term":[{"taxonomy":"category","embeddable":true,"href":"https:\/\/dgospel.com.br\/portal\/index.php\/wp-json\/wp\/v2\/categories?post=15181"},{"taxonomy":"post_tag","embeddable":true,"href":"https:\/\/dgospel.com.br\/portal\/index.php\/wp-json\/wp\/v2\/tags?post=15181"}],"curies":[{"name":"wp","href":"https:\/\/api.w.org\/{rel}","templated":true}]}}