{"id":15187,"date":"2023-03-22T18:31:05","date_gmt":"2023-03-22T21:31:05","guid":{"rendered":"http:\/\/dgospel.com.br\/portal\/?p=15187"},"modified":"2023-03-22T18:31:06","modified_gmt":"2023-03-22T21:31:06","slug":"governo-do-tocantins-promove-capacitacao-sobre-programas-digitais-de-gestao","status":"publish","type":"post","link":"https:\/\/dgospel.com.br\/portal\/index.php\/2023\/03\/22\/governo-do-tocantins-promove-capacitacao-sobre-programas-digitais-de-gestao\/","title":{"rendered":"Governo do Tocantins promove capacita\u00e7\u00e3o sobre programas digitais de gest\u00e3o"},"content":{"rendered":"\n<p>O Governo do Tocantins, por meio da Secretaria de Estado da Administra\u00e7\u00e3o, em parceria com a Secretaria de Estado da Fazenda e o Comit\u00ea Nacional de Secret\u00e1rios da Fazenda (Consefaz), promoveu nessa ter\u00e7a-feira, 21, no audit\u00f3rio da Associa\u00e7\u00e3o Tocantinense de Munic\u00edpios (ATM), palestra com o auditor fiscal da Receita Federal do Brasil, Cl\u00e1udio Maia, sobre o cumprimento de obriga\u00e7\u00f5es fiscais e tribut\u00e1rias.<\/p>\n\n\n\n<p>O evento teve o objetivo de capacitar os servidores do Executivo Estadual nas \u00e1reas de recursos humanos, financeiro e cont\u00e1beis sobre o envio do e-Social e da EFD-REINF, al\u00e9m de destacar a import\u00e2ncia da integra\u00e7\u00e3o dessas obriga\u00e7\u00f5es acess\u00f3rias com a DCTF-WEB.<\/p>\n\n\n\n<p>Estiveram presentes o secret\u00e1rio de Estado da Administra\u00e7\u00e3o, Paulo C\u00e9sar Benfica Filho; o presidente da Associa\u00e7\u00e3o Tocantinense de Munic\u00edpios (ATM), Diogo Borges; a coordenadora do GT 16 eSocial\/EFD Reinf, Ot\u00edlia Santos; e a secret\u00e1ria-executiva de Gest\u00e3o Tribut\u00e1ria da Sefaz, Marcia Mantovani.<\/p>\n\n\n\n<p>De acordo com o secret\u00e1rio de Estado da Administra\u00e7\u00e3o, Paulo C\u00e9sar Benfica Filho, o evento \u00e9 uma excelente oportunidade para promover mudan\u00e7as e aprimoramentos dos sistemas que s\u00e3o dirigidos \u00e0 Receita Federal. &#8220;As informa\u00e7\u00f5es que foram compartilhadas s\u00e3o essenciais para a unifica\u00e7\u00e3o dos dados e regularidade fiscal do Estado e munic\u00edpios\u201d, frisou.<\/p>\n\n\n\n<p>&#8220;O eSocial chegou para todos, ent\u00e3o \u00e9 imprescind\u00edvel que o servidor esteja capacitado e preparado para realizar o envio dessas obriga\u00e7\u00f5es fiscais. Desta forma, a Secretaria de Estado da Administra\u00e7\u00e3o preocupou-se em realizar essa capacita\u00e7\u00e3o para todo o Tocantins, al\u00e9m de outros estados que est\u00e3o participando conosco\u201d, afirmou o diretor de Padroniza\u00e7\u00e3o e Integra\u00e7\u00e3o da Secad, Thomas Calil.<\/p>\n\n\n\n<p><strong>e-Social<\/strong><\/p>\n\n\n\n<p>O eSocial \u00e9 uma ferramenta do Governo Federal que unifica o envio de informa\u00e7\u00f5es trabalhistas, previdenci\u00e1rias e fiscais pelos \u00f3rg\u00e3os. J\u00e1 a EFD-REINF \u00e9 uma obriga\u00e7\u00e3o acess\u00f3ria que se refere \u00e0s informa\u00e7\u00f5es fiscais e tribut\u00e1rias relacionadas \u00e0s reten\u00e7\u00f5es na fonte (IRRF, CSLL, PIS\/COFINS e INSS) e aos pagamentos diversos efetuados a pessoas f\u00edsicas e jur\u00eddicas.<\/p>\n\n\n\n<p>A DCTF-WEB, por sua vez, \u00e9 a Declara\u00e7\u00e3o de D\u00e9bitos e Cr\u00e9ditos Tribut\u00e1rios Federais Previdenci\u00e1rios e de Outras Entidades e Fundos. Ela \u00e9 a respons\u00e1vel por consolidar as informa\u00e7\u00f5es prestadas por meio do eSocial e da EFD-REINF, al\u00e9m de outras informa\u00e7\u00f5es, e gerar o Darf para pagamento dos tributos devidos.<\/p>\n\n\n\n<p>Clynton Nunes Tomas, servidor da Secretaria de Estado da Fazenda, ressaltou a import\u00e2ncia de promover a qualifica\u00e7\u00e3o profissional dos servidores. \u201cO evento est\u00e1 implementando um novo regime na folha de pagamento principalmente dos \u00f3rg\u00e3os, esse aprendizado tem grande impacto no nosso servi\u00e7o di\u00e1rio\u201d.&nbsp;<\/p>\n\n\n\n<p>Durante a palestra ministrada pelo auditor Cl\u00e1udio Maia, foram abordados os aspectos mais importantes das obriga\u00e7\u00f5es fiscais, como prazos de envio, penalidades em caso de n\u00e3o cumprimento, entre outros. Por fim, os participantes tiveram a oportunidade de tirar d\u00favidas com palestrante.<\/p>\n\n\n\n<p><\/p>\n\n\n\n<p><img src=\"https:\/\/central.to.gov.br\/image\/322652?w=670&amp;h=383\"><\/p>\n\n\n\n<p>Diretor de Padroniza\u00e7\u00e3o e Integra\u00e7\u00e3o, Thomas Calil, destacou a participa\u00e7\u00e3o de \u00f3rg\u00e3os de todo o Tocantins &#8211; Secad\/Governo do Tocantins\u00a0<\/p>\n\n\n\n<p><img src=\"https:\/\/central.to.gov.br\/image\/322651?w=670&amp;h=383\"><\/p>\n\n\n\n<p>Clynton Nunes ressalta a import\u00e2ncia da capacita\u00e7\u00e3o para os servidores &#8211; Secad\/Governo do Tocantins&nbsp;<\/p>\n","protected":false},"excerpt":{"rendered":"<p>O Governo do Tocantins, por meio da Secretaria de Estado da Administra\u00e7\u00e3o, em parceria com a Secretaria de Estado da Fazenda e o Comit\u00ea Nacional de Secret\u00e1rios da Fazenda (Consefaz), promoveu nessa ter\u00e7a-feira, 21, no audit\u00f3rio da Associa\u00e7\u00e3o Tocantinense de Munic\u00edpios (ATM), palestra com o auditor fiscal da Receita Federal do Brasil, Cl\u00e1udio Maia, sobre [&hellip;]<\/p>\n","protected":false},"author":2,"featured_media":15188,"comment_status":"open","ping_status":"open","sticky":false,"template":"","format":"standard","meta":[],"categories":[3],"tags":[13],"_links":{"self":[{"href":"https:\/\/dgospel.com.br\/portal\/index.php\/wp-json\/wp\/v2\/posts\/15187"}],"collection":[{"href":"https:\/\/dgospel.com.br\/portal\/index.php\/wp-json\/wp\/v2\/posts"}],"about":[{"href":"https:\/\/dgospel.com.br\/portal\/index.php\/wp-json\/wp\/v2\/types\/post"}],"author":[{"embeddable":true,"href":"https:\/\/dgospel.com.br\/portal\/index.php\/wp-json\/wp\/v2\/users\/2"}],"replies":[{"embeddable":true,"href":"https:\/\/dgospel.com.br\/portal\/index.php\/wp-json\/wp\/v2\/comments?post=15187"}],"version-history":[{"count":1,"href":"https:\/\/dgospel.com.br\/portal\/index.php\/wp-json\/wp\/v2\/posts\/15187\/revisions"}],"predecessor-version":[{"id":15189,"href":"https:\/\/dgospel.com.br\/portal\/index.php\/wp-json\/wp\/v2\/posts\/15187\/revisions\/15189"}],"wp:featuredmedia":[{"embeddable":true,"href":"https:\/\/dgospel.com.br\/portal\/index.php\/wp-json\/wp\/v2\/media\/15188"}],"wp:attachment":[{"href":"https:\/\/dgospel.com.br\/portal\/index.php\/wp-json\/wp\/v2\/media?parent=15187"}],"wp:term":[{"taxonomy":"category","embeddable":true,"href":"https:\/\/dgospel.com.br\/portal\/index.php\/wp-json\/wp\/v2\/categories?post=15187"},{"taxonomy":"post_tag","embeddable":true,"href":"https:\/\/dgospel.com.br\/portal\/index.php\/wp-json\/wp\/v2\/tags?post=15187"}],"curies":[{"name":"wp","href":"https:\/\/api.w.org\/{rel}","templated":true}]}}