{"id":15193,"date":"2023-03-22T18:35:46","date_gmt":"2023-03-22T21:35:46","guid":{"rendered":"http:\/\/dgospel.com.br\/portal\/?p=15193"},"modified":"2023-03-22T18:35:47","modified_gmt":"2023-03-22T21:35:47","slug":"governo-do-tocantins-destina-230-vagas-para-educadores-indigenas-em-concurso-publico-da-educacao","status":"publish","type":"post","link":"https:\/\/dgospel.com.br\/portal\/index.php\/2023\/03\/22\/governo-do-tocantins-destina-230-vagas-para-educadores-indigenas-em-concurso-publico-da-educacao\/","title":{"rendered":"Governo do Tocantins destina 230 vagas para educadores ind\u00edgenas em concurso p\u00fablico da Educa\u00e7\u00e3o"},"content":{"rendered":"\n<p>O Governo do Tocantins, por meio da Secretaria de Estado da Administra\u00e7\u00e3o (Secad) e da Secretaria de Estado da Educa\u00e7\u00e3o (Seduc), est\u00e1 com inscri\u00e7\u00f5es abertas, at\u00e9 o dia&nbsp;10 de abril, do concurso para provimento de 230 vagas para Professor da Educa\u00e7\u00e3o B\u00e1sica do quadro de Cargos, Carreiras e Remunera\u00e7\u00e3o dos profissionais da educa\u00e7\u00e3o b\u00e1sica do Estado.<\/p>\n\n\n\n<p>Ind\u00edgenas, com a devida forma\u00e7\u00e3o, podem concorrer a 143 vagas ofertadas para o cargo de Professor da Educa\u00e7\u00e3o B\u00e1sica; 25 vagas para Orientador Educacional e 62 vagas para Coordenador Pedag\u00f3gico. As provas est\u00e3o agendadas para o dia 11 de junho de 2023. Os editais completos est\u00e3o dispon\u00edveis no site da Funda\u00e7\u00e3o Get\u00falio Vargas (FGV).<\/p>\n\n\n\n<p>O governador Wanderlei Barbosa destaca a realiza\u00e7\u00e3o do certame como apenas uma das diversas a\u00e7\u00f5es que garantir\u00e3o a proximidade da Gest\u00e3o Estadual com as&nbsp;comunidades ind\u00edgenas, garantindo-lhes acesso a direitos b\u00e1sicos, neste caso, \u00e0 educa\u00e7\u00e3o. \u201cEstamos trabalhando e vamos sempre trabalhar para que as popula\u00e7\u00f5es ind\u00edgenas tenham suas culturas preservadas e para que cada indiv\u00edduo possa desenvolver sua autonomia por meio da educa\u00e7\u00e3o\u201d, pontua o Governador.<\/p>\n\n\n\n<p>O secret\u00e1rio de Estado da Administra\u00e7\u00e3o, Paulo C\u00e9sar Benfica Filho, enfatiza o certame para educa\u00e7\u00e3o ind\u00edgena como mais um ato que revalida o compromisso da Gest\u00e3o&nbsp;Estadual com toda a popula\u00e7\u00e3o tocantinense. \u201cA oferta de vagas para professores na educa\u00e7\u00e3o ind\u00edgena \u00e9 um grande investimento para toda a popula\u00e7\u00e3o e prova do compromisso do governador Wanderlei&nbsp;Barbosa com os estratos sociais\u201d, afirma.<\/p>\n\n\n\n<p><strong>Educa\u00e7\u00e3o e desenvolvimento<\/strong><\/p>\n\n\n\n<p>O Governo do Tocantins atende 130 escolas ind\u00edgenas, sendo 95 escolas criadas e 35 extens\u00f5es, somando 5.966 estudantes, distribu\u00eddos em seis Diretorias Regionais de Educa\u00e7\u00e3o (Dres), nos munic\u00edpios de Gurupi, Para\u00edso do Tocantins, Miracema, Pedro Afonso, Aragua\u00edna e Tocantin\u00f3polis. Est\u00e3o inseridos nessa estrutura de atendimento educacional os povos tocantinenses Apinaj\u00e9, Java\u00e9, Karaj\u00e1, Karaj\u00e1-Xambio\u00e1, Krah\u00f5, Krah\u00f4-Kanela e Xerente.<\/p>\n\n\n\n<p>Para a secret\u00e1ria de Estado dos Povos Origin\u00e1rios e Tradicionais do Tocantins, Narubia Werreria, a realiza\u00e7\u00e3o desse certame \u00e9 uma iniciativa que precisa ser permanente e ampliada para a popula\u00e7\u00e3o ind\u00edgena do Estado. \u201cA educa\u00e7\u00e3o escolar ind\u00edgena \u00e9 uma conquista hist\u00f3rica dos povos origin\u00e1rios e \u00e9 muito importante que essa educa\u00e7\u00e3o conte com profissionais que entendam essa realidade cultural. Hoje, contamos com ind\u00edgenas capacitados para atender as comunidades nas suas especificidades, pois a educa\u00e7\u00e3o ind\u00edgena prev\u00ea, dentre outros pontos, o ensino da l\u00edngua materna e a inclus\u00e3o das nossas festividades. E essa iniciativa \u00e9 muito importante para fixar profissionais que fomentem essas especificidades\u201d, esclarece Narubia Werreria.<\/p>\n\n\n\n<p>O gerente da Educa\u00e7\u00e3o Ind\u00edgena, da Secretaria de Estado da Educa\u00e7\u00e3o (Seduc), Waxiy Malu\u00e1 Karaj\u00e1, explica que, desde 2008, n\u00e3o \u00e9 realizado um concurso que atenda a demanda de professores na educa\u00e7\u00e3o ind\u00edgena do Tocantins. \u201cA efetiva\u00e7\u00e3o desses professores garante a participa\u00e7\u00e3o dos ind\u00edgenas de forma efetiva no processo educacional dentro das aldeias, visto que a escola ind\u00edgena \u00e9 criada especificamente para atender as demandas de estudantes ind\u00edgenas onde estar\u00e3o aprendendo sobre sua pr\u00f3pria cultura\u201d, pontua Waxiy Malu\u00e1.<\/p>\n\n\n\n<p>Atualmente, as escolas ind\u00edgenas tocantinenses atendem do 1\u00b0 ao 9\u00b0 ano do ensino fundamental, ensino m\u00e9dio e Educa\u00e7\u00e3o de Jovens e Adultos (EJA) contando com um efetivo de 453 professores ind\u00edgenas e n\u00e3o ind\u00edgenas.<\/p>\n\n\n\n<p><strong>Inscri\u00e7\u00f5es e provas<\/strong><\/p>\n\n\n\n<p>As inscri\u00e7\u00f5es seguem at\u00e9 o dia 10 de abril e os candidatos \u00e0s vagas para a educa\u00e7\u00e3o ind\u00edgena ter\u00e3o isen\u00e7\u00e3o na taxa de inscri\u00e7\u00e3o.&nbsp;O concurso ser\u00e1 realizado em uma \u00fanica etapa de execu\u00e7\u00e3o com duas fases. Sendo a primeira, de exame de habilidades e conhecimentos aferidos por meio de aplica\u00e7\u00e3o de provas objetivas e discursivas, de car\u00e1ter eliminat\u00f3rio e classificat\u00f3rio; e a segunda, de avalia\u00e7\u00e3o de t\u00edtulos, de car\u00e1ter unicamente classificat\u00f3rio.<br><br>As provas ocorrer\u00e3o em sete munic\u00edpios tocantinenses: Aragua\u00edna, Araguatins, Arraias, Gurupi, Miracema do Tocantins, Palmas e Para\u00edso do Tocantins.<br><br>O edital completo pode ser acessado pelo Di\u00e1rio Oficial do Estado do Tocantins e no site da Funda\u00e7\u00e3o Get\u00falio Vargas, no endere\u00e7o eletr\u00f4nico&nbsp;<a href=\"https:\/\/conhecimento.fgv.br\/sites\/default\/files\/concursos\/edital-seduc-indigena-novos-cargos-coordenador-pedagogico-e-orientador_indigena.pdf\">https:\/\/conhecimento.fgv.br\/sites\/default\/files\/concursos\/edital-seduc-indigena-novos-cargos-coordenador-pedagogico-e-orientador_indigena.pdf<\/a>.<\/p>\n","protected":false},"excerpt":{"rendered":"<p>O Governo do Tocantins, por meio da Secretaria de Estado da Administra\u00e7\u00e3o (Secad) e da Secretaria de Estado da Educa\u00e7\u00e3o (Seduc), est\u00e1 com inscri\u00e7\u00f5es abertas, at\u00e9 o dia&nbsp;10 de abril, do concurso para provimento de 230 vagas para Professor da Educa\u00e7\u00e3o B\u00e1sica do quadro de Cargos, Carreiras e Remunera\u00e7\u00e3o dos profissionais da educa\u00e7\u00e3o b\u00e1sica do [&hellip;]<\/p>\n","protected":false},"author":2,"featured_media":15194,"comment_status":"open","ping_status":"open","sticky":false,"template":"","format":"standard","meta":[],"categories":[3],"tags":[13],"_links":{"self":[{"href":"https:\/\/dgospel.com.br\/portal\/index.php\/wp-json\/wp\/v2\/posts\/15193"}],"collection":[{"href":"https:\/\/dgospel.com.br\/portal\/index.php\/wp-json\/wp\/v2\/posts"}],"about":[{"href":"https:\/\/dgospel.com.br\/portal\/index.php\/wp-json\/wp\/v2\/types\/post"}],"author":[{"embeddable":true,"href":"https:\/\/dgospel.com.br\/portal\/index.php\/wp-json\/wp\/v2\/users\/2"}],"replies":[{"embeddable":true,"href":"https:\/\/dgospel.com.br\/portal\/index.php\/wp-json\/wp\/v2\/comments?post=15193"}],"version-history":[{"count":1,"href":"https:\/\/dgospel.com.br\/portal\/index.php\/wp-json\/wp\/v2\/posts\/15193\/revisions"}],"predecessor-version":[{"id":15195,"href":"https:\/\/dgospel.com.br\/portal\/index.php\/wp-json\/wp\/v2\/posts\/15193\/revisions\/15195"}],"wp:featuredmedia":[{"embeddable":true,"href":"https:\/\/dgospel.com.br\/portal\/index.php\/wp-json\/wp\/v2\/media\/15194"}],"wp:attachment":[{"href":"https:\/\/dgospel.com.br\/portal\/index.php\/wp-json\/wp\/v2\/media?parent=15193"}],"wp:term":[{"taxonomy":"category","embeddable":true,"href":"https:\/\/dgospel.com.br\/portal\/index.php\/wp-json\/wp\/v2\/categories?post=15193"},{"taxonomy":"post_tag","embeddable":true,"href":"https:\/\/dgospel.com.br\/portal\/index.php\/wp-json\/wp\/v2\/tags?post=15193"}],"curies":[{"name":"wp","href":"https:\/\/api.w.org\/{rel}","templated":true}]}}