{"id":15196,"date":"2023-03-22T18:38:10","date_gmt":"2023-03-22T21:38:10","guid":{"rendered":"http:\/\/dgospel.com.br\/portal\/?p=15196"},"modified":"2023-03-22T18:38:11","modified_gmt":"2023-03-22T21:38:11","slug":"muculmanos-iniciam-o-ramada-e-cristaos-oram-que-conhecam-o-deus-verdadeiro","status":"publish","type":"post","link":"https:\/\/dgospel.com.br\/portal\/index.php\/2023\/03\/22\/muculmanos-iniciam-o-ramada-e-cristaos-oram-que-conhecam-o-deus-verdadeiro\/","title":{"rendered":"Mu\u00e7ulmanos iniciam o Ramad\u00e3 e crist\u00e3os oram: \u2018Que conhe\u00e7am o Deus verdadeiro\u2019"},"content":{"rendered":"\n<p>Come\u00e7a na quarta-feira (22), o&nbsp;<a href=\"https:\/\/guiame.com.br\/gospel\/missoes-acao-social\/ex-muculmano-prega-islamicos-na-times-square-durante-ramada-jesus-e-o-senhor.html\"><strong>m\u00eas do Ramad\u00e3<\/strong><\/a>&nbsp;para os mu\u00e7ulmanos e vai at\u00e9 o dia 21 de abril. Este \u00e9 o m\u00eas considerado mais sagrado para quem segue o isl\u00e3, quando todos os seus seguidores devem jejuar.&nbsp;<\/p>\n\n\n\n<p>No total, eles devem cumprir 30 dias de jejum com o objetivo de celebrar a primeira revela\u00e7\u00e3o que Maom\u00e9 recebeu do Alcor\u00e3o. Embora o prop\u00f3sito do jejum isl\u00e2mico seja \u201creexaminar a vida\u201d e manter um sentimento de comunidade, \u00e9 uma \u00e9poca de grandes conflitos e motivo de viol\u00eancia contra os crist\u00e3os.&nbsp;<\/p>\n\n\n\n<p>Em pa\u00edses com&nbsp;<a href=\"https:\/\/guiame.com.br\/gospel\/israel\/palestina-alerta-que-acoes-de-israel-podem-intensificar-violencia-durante-o-ramada.html\"><strong>governos teocr\u00e1ticos mu\u00e7ulmanos<\/strong><\/a>, onde prevalece a sharia (conjunto de leis isl\u00e2micas), os crist\u00e3os costumam ser atacados durante o Ramad\u00e3 por n\u00e3o jejuarem como os mu\u00e7ulmanos.&nbsp;&nbsp;<\/p>\n\n\n\n<p>Como a sharia se tornou a lei nacional em algumas na\u00e7\u00f5es e o Alcor\u00e3o praticamente \u00e9 a Constitui\u00e7\u00e3o, seguir outra religi\u00e3o \u00e9 considerado um crime. Muitos crist\u00e3os mant\u00eam sua f\u00e9 em segredo, mas durante o Ramad\u00e3 acabam se revelando por n\u00e3o seguirem as regras do jejum.&nbsp;<\/p>\n\n\n\n<p><strong>\u2018O Ramad\u00e3 \u00e9 um momento oportuno para orar pelos mu\u00e7ulmanos\u2019<\/strong><\/p>\n\n\n\n<p>Conforme um artigo do Mission Network News, muitos crist\u00e3os s\u00e3o desafiados a orar pelos mu\u00e7ulmanos durante o Ramad\u00e3.&nbsp;<\/p>\n\n\n\n<p>\u201cEnquanto eles est\u00e3o jejuando e orando, fazendo o que eles acreditam que precisam fazer para ganhar seu caminho para Deus, estamos nos aproximando e orando para que eles sejam de fato expostos ao \u00fanico Deus verdadeiro. Oramos para que Deus se revele enquanto eles jejuam\u201d, disse Chris Ruge, diretor do Prayercast \u2014 um movimento global de ora\u00e7\u00e3o.&nbsp;<\/p>\n\n\n\n<p>Ele explica que, todos os dias, os participantes do Desafio de Ora\u00e7\u00e3o do Ramad\u00e3 recebem um e-mail do Prayercast e um v\u00eddeo informando sobre os motivos de ora\u00e7\u00e3o.&nbsp;<\/p>\n\n\n\n<p>\u201cO&nbsp;<a href=\"https:\/\/guiame.com.br\/gospel\/israel\/judeus-sao-forcados-seguir-leis-muculmanas-do-ramada-no-monte-do-templo.html\"><strong>Ramad\u00e3 \u00e9 um momento oportuno<\/strong><\/a>&nbsp;para orar pelos mu\u00e7ulmanos porque \u00e9 uma \u00e9poca em que seus cora\u00e7\u00f5es est\u00e3o especialmente abertos e buscando a verdade espiritual\u201d, explicou.&nbsp;<\/p>\n\n\n\n<p><strong>\u2018Deus est\u00e1 se movendo\u2019<\/strong><\/p>\n\n\n\n<p>H\u00e1 muitas hist\u00f3rias vindas de crist\u00e3os de origem mu\u00e7ulmana que contam como o pr\u00f3prio Jesus apareceu para eles em sonhos e vis\u00f5es durante o Ramad\u00e3.<\/p>\n\n\n\n<p>\u201cNesses encontros, eles conhecem Jesus como mais do que apenas um profeta. Eles aceitam Jesus como seu Senhor e Salvador\u201d, disse Ruge ao destacar que h\u00e1 mu\u00e7ulmanos em diferentes partes do mundo que chegam at\u00e9 eles e compartilham seus testemunhos.<\/p>\n\n\n\n<p>\u201cUm deles escreveu: Eu vi todos os seus v\u00eddeos e li as coisas que voc\u00ea enviou. Vejo que a paz de Deus est\u00e1 com voc\u00ea e com pessoas como voc\u00ea. Quero conhecer essa paz em minha vida. O que devo fazer?\u201d, ele compartilhou.&nbsp;&nbsp;<\/p>\n\n\n\n<p>\u201cUma coisa \u00e9 certa, Deus est\u00e1 se movendo nos cora\u00e7\u00f5es mu\u00e7ulmanos. Agora \u00e9 a hora de orar\u201d, encorajou.<\/p>\n\n\n\n<p>\u201cAs maiores necessidades do mundo mu\u00e7ulmano s\u00e3o as mesmas do resto do mundo, ou seja, todos n\u00f3s precisamos de um Salvador\u201d, lembrou Ruge.&nbsp;<\/p>\n\n\n\n<p>\u201cTodos n\u00f3s precisamos de algu\u00e9m fora de n\u00f3s mesmos que possa vir e dar sentido \u00e0s nossas vidas perdidas. Isso \u00e9 verdade em todo o mundo, inclusive no mundo de maioria mu\u00e7ulmana\u201d, concluiu.<\/p>\n","protected":false},"excerpt":{"rendered":"<p>Come\u00e7a na quarta-feira (22), o&nbsp;m\u00eas do Ramad\u00e3&nbsp;para os mu\u00e7ulmanos e vai at\u00e9 o dia 21 de abril. Este \u00e9 o m\u00eas considerado mais sagrado para quem segue o isl\u00e3, quando todos os seus seguidores devem jejuar.&nbsp; No total, eles devem cumprir 30 dias de jejum com o objetivo de celebrar a primeira revela\u00e7\u00e3o que Maom\u00e9 [&hellip;]<\/p>\n","protected":false},"author":2,"featured_media":15197,"comment_status":"open","ping_status":"open","sticky":false,"template":"","format":"standard","meta":[],"categories":[16],"tags":[],"_links":{"self":[{"href":"https:\/\/dgospel.com.br\/portal\/index.php\/wp-json\/wp\/v2\/posts\/15196"}],"collection":[{"href":"https:\/\/dgospel.com.br\/portal\/index.php\/wp-json\/wp\/v2\/posts"}],"about":[{"href":"https:\/\/dgospel.com.br\/portal\/index.php\/wp-json\/wp\/v2\/types\/post"}],"author":[{"embeddable":true,"href":"https:\/\/dgospel.com.br\/portal\/index.php\/wp-json\/wp\/v2\/users\/2"}],"replies":[{"embeddable":true,"href":"https:\/\/dgospel.com.br\/portal\/index.php\/wp-json\/wp\/v2\/comments?post=15196"}],"version-history":[{"count":1,"href":"https:\/\/dgospel.com.br\/portal\/index.php\/wp-json\/wp\/v2\/posts\/15196\/revisions"}],"predecessor-version":[{"id":15198,"href":"https:\/\/dgospel.com.br\/portal\/index.php\/wp-json\/wp\/v2\/posts\/15196\/revisions\/15198"}],"wp:featuredmedia":[{"embeddable":true,"href":"https:\/\/dgospel.com.br\/portal\/index.php\/wp-json\/wp\/v2\/media\/15197"}],"wp:attachment":[{"href":"https:\/\/dgospel.com.br\/portal\/index.php\/wp-json\/wp\/v2\/media?parent=15196"}],"wp:term":[{"taxonomy":"category","embeddable":true,"href":"https:\/\/dgospel.com.br\/portal\/index.php\/wp-json\/wp\/v2\/categories?post=15196"},{"taxonomy":"post_tag","embeddable":true,"href":"https:\/\/dgospel.com.br\/portal\/index.php\/wp-json\/wp\/v2\/tags?post=15196"}],"curies":[{"name":"wp","href":"https:\/\/api.w.org\/{rel}","templated":true}]}}