{"id":1520,"date":"2018-10-07T09:50:05","date_gmt":"2018-10-07T12:50:05","guid":{"rendered":"http:\/\/dgospel.com.br\/portal\/?p=1520"},"modified":"2018-10-07T09:50:05","modified_gmt":"2018-10-07T12:50:05","slug":"metade-dos-evangelicos-vota-em-bolsonaro-diz-datafolha","status":"publish","type":"post","link":"https:\/\/dgospel.com.br\/portal\/index.php\/2018\/10\/07\/metade-dos-evangelicos-vota-em-bolsonaro-diz-datafolha\/","title":{"rendered":"Metade dos evang\u00e9licos vota em Bolsonaro, diz Datafolha"},"content":{"rendered":"<p class=\"canvas-atom canvas-text Mb(1.0em) Mb(0)--sm Mt(0.8em)--sm\" data-reactid=\"11\">Quase metade dos evang\u00e9licos diz que optar\u00e1 por Jair Bolsonaro (PSL) no domingo (7) de elei\u00e7\u00e3o, segundo pesquisa Datafolha realizada entre quarta (3) e quinta (4).<\/p>\n<p class=\"canvas-atom canvas-text Mb(1.0em) Mb(0)--sm Mt(0.8em)--sm\" data-reactid=\"12\">O segmento pretende dar 48% dos votos v\u00e1lidos (que excluem eleitores indecisos, brancos e nulos) para o capit\u00e3o reformado, que vem amealhando apoios entre as grandes lideran\u00e7as evang\u00e9licas do pa\u00eds -do bispo Edir Macedo (Igreja Universal do Reino de Deus) ao pastor Jos\u00e9 Wellington Bezerra da Costa, que lidera o Minist\u00e9rio Bel\u00e9m, o maior bra\u00e7o daquela que \u00e9 a maior denomina\u00e7\u00e3o evang\u00e9lica do Brasil, a Assembleias de Deus.<\/p>\n<p class=\"canvas-atom canvas-text Mb(1.0em) Mb(0)--sm Mt(0.8em)--sm\" data-reactid=\"13\">Um desempenho bem acima de sua m\u00e9dia geral, 39%, e que revela como os evang\u00e9licos s\u00e3o seu maior ativo eleitoral no campo religioso. Bolsonaro \u00e9 o preferido de 35% dos cat\u00f3licos, fatia que lhe d\u00e1 uma dist\u00e2ncia mais estreita do principal advers\u00e1rio, Fernando Haddad (PT), que nesse segmento tem 29%.<\/p>\n<p class=\"canvas-atom canvas-text Mb(1.0em) Mb(0)--sm Mt(0.8em)--sm\" data-reactid=\"14\">O petista, que no quadro geral conquista 25% dos votos v\u00e1lidos, desidrata entre evang\u00e9licos: 18%, 30 pontos percentuais a menos do que o presidenci\u00e1vel do PSL.<\/p>\n<p class=\"canvas-atom canvas-text Mb(1.0em) Mb(0)--sm Mt(0.8em)--sm\" data-reactid=\"15\">Ciro Gomes (PDT) tamb\u00e9m \u00e9 menos querido entre os que professam essa f\u00e9: se entre cat\u00f3licos e tamb\u00e9m no total fica com 13%, \u00e9 o candidato de um entre dez evang\u00e9licos.<\/p>\n<p class=\"canvas-atom canvas-text Mb(1.0em) Mb(0)--sm Mt(0.8em)--sm\" data-reactid=\"16\">Entre esses grupos religiosos, Geraldo Ackmin (PSDB) e Marina Silva (Rede) n\u00e3o desviam muito da\u00a0pontua\u00e7\u00e3o total, de 9% e 4%, respectivamente.<\/p>\n<p class=\"canvas-atom canvas-text Mb(1.0em) Mb(0)--sm Mt(0.8em)--sm\" data-reactid=\"17\">Dos 13 presidenci\u00e1veis deste pleito, dois nanicos apresentam varia\u00e7\u00f5es no limite da margem de erro, e em movimentos opostos.<\/p>\n<p class=\"canvas-atom canvas-text Mb(1.0em) Mb(0)--sm Mt(0.8em)--sm\" data-reactid=\"18\">Cabo Daciolo (Patriota), que profetiza uma vit\u00f3ria com 51% do eleitorado e \u00e9 adepto do bord\u00e3o &#8220;Gl\u00f3ria a Deus!&#8221;, tem 1% dos votos v\u00e1lidos. Triplica esse placar entre aqueles que, como ele, se declaram evang\u00e9licos.<\/p>\n<p class=\"canvas-atom canvas-text Mb(1.0em) Mb(0)--sm Mt(0.8em)--sm\" data-reactid=\"19\">J\u00e1 com Jo\u00e3o Amo\u00eado (Novo) o quadro se inverte: \u00e9 o escolhido de 3%, mas, quando a sondagem se afunila para o eleitor evang\u00e9lico, cai a 1%.<\/p>\n<p class=\"canvas-atom canvas-text Mb(1.0em) Mb(0)--sm Mt(0.8em)--sm\" data-reactid=\"20\">Rejei\u00e7\u00e3o A rejei\u00e7\u00e3o a Bolsonaro, que se declara cat\u00f3lico, \u00e9 consideravelmente mais baixa entre os que se dizem evang\u00e9licos, mesma religi\u00e3o de sua esposa (com quem casou em cerim\u00f4nia celebrada por Silas Malafaia) e filhos.<\/p>\n<p class=\"canvas-atom canvas-text Mb(1.0em) Mb(0)--sm Mt(0.8em)--sm\" data-reactid=\"21\">Se 45% dos eleitores dizem que n\u00e3o votar\u00e3o de jeito nenhum no candidato do PSL, a reprova\u00e7\u00e3o mingua para 36% entre evang\u00e9licos e incha 47% entre cat\u00f3licos.<\/p>\n<p class=\"canvas-atom canvas-text Mb(1.0em) Mb(0)--sm Mt(0.8em)--sm\" data-reactid=\"22\">Haddad tem 40% da recusa geral, sendo que 44% evang\u00e9licos e 37% dos cat\u00f3licos desconsideram votar nele no domingo.<\/p>\n<p class=\"canvas-atom canvas-text Mb(1.0em) Mb(0)--sm Mt(0.8em)--sm\" data-reactid=\"23\">O bloco crist\u00e3o soma 85% do eleitorado nacional, com 54% adeptos do catolicismo e 31% do credo evang\u00e9lico.<\/p>\n<p class=\"canvas-atom canvas-text Mb(1.0em) Mb(0)--sm Mt(0.8em)--sm\" data-reactid=\"24\">Os demais grupos religiosos representam uma parcela menor da popula\u00e7\u00e3o e, portanto, a amostra obtida pelo levantamento n\u00e3o \u00e9 suficiente para extrair um percentual para cada um desses segmentos separadamente.<\/p>\n<p class=\"canvas-atom canvas-text Mb(1.0em) Mb(0)--sm Mt(0.8em)--sm\" data-reactid=\"25\">O Datafolha ouviu 10.930 eleitores em 389 cidades do pa\u00eds na quarta e nesta quinta (4). A margem de erro do levantamento, contratado pela Folha de S.Paulo e pela TV Globo, \u00e9 de dois pontos percentuais para mais ou menos. O n\u00edvel de confian\u00e7a \u00e9 de 95%.<\/p>\n","protected":false},"excerpt":{"rendered":"<p>Quase metade dos evang\u00e9licos diz que optar\u00e1 por Jair Bolsonaro (PSL) no domingo (7) de elei\u00e7\u00e3o, segundo pesquisa Datafolha realizada entre quarta (3) e quinta (4). O segmento pretende dar 48% dos votos v\u00e1lidos (que excluem eleitores indecisos, brancos e nulos) para o capit\u00e3o reformado, que vem amealhando apoios entre as grandes lideran\u00e7as evang\u00e9licas do [&hellip;]<\/p>\n","protected":false},"author":2,"featured_media":1521,"comment_status":"open","ping_status":"open","sticky":false,"template":"","format":"standard","meta":[],"categories":[2,5,4],"tags":[],"_links":{"self":[{"href":"https:\/\/dgospel.com.br\/portal\/index.php\/wp-json\/wp\/v2\/posts\/1520"}],"collection":[{"href":"https:\/\/dgospel.com.br\/portal\/index.php\/wp-json\/wp\/v2\/posts"}],"about":[{"href":"https:\/\/dgospel.com.br\/portal\/index.php\/wp-json\/wp\/v2\/types\/post"}],"author":[{"embeddable":true,"href":"https:\/\/dgospel.com.br\/portal\/index.php\/wp-json\/wp\/v2\/users\/2"}],"replies":[{"embeddable":true,"href":"https:\/\/dgospel.com.br\/portal\/index.php\/wp-json\/wp\/v2\/comments?post=1520"}],"version-history":[{"count":1,"href":"https:\/\/dgospel.com.br\/portal\/index.php\/wp-json\/wp\/v2\/posts\/1520\/revisions"}],"predecessor-version":[{"id":1522,"href":"https:\/\/dgospel.com.br\/portal\/index.php\/wp-json\/wp\/v2\/posts\/1520\/revisions\/1522"}],"wp:featuredmedia":[{"embeddable":true,"href":"https:\/\/dgospel.com.br\/portal\/index.php\/wp-json\/wp\/v2\/media\/1521"}],"wp:attachment":[{"href":"https:\/\/dgospel.com.br\/portal\/index.php\/wp-json\/wp\/v2\/media?parent=1520"}],"wp:term":[{"taxonomy":"category","embeddable":true,"href":"https:\/\/dgospel.com.br\/portal\/index.php\/wp-json\/wp\/v2\/categories?post=1520"},{"taxonomy":"post_tag","embeddable":true,"href":"https:\/\/dgospel.com.br\/portal\/index.php\/wp-json\/wp\/v2\/tags?post=1520"}],"curies":[{"name":"wp","href":"https:\/\/api.w.org\/{rel}","templated":true}]}}