{"id":15205,"date":"2023-03-22T18:44:54","date_gmt":"2023-03-22T21:44:54","guid":{"rendered":"http:\/\/dgospel.com.br\/portal\/?p=15205"},"modified":"2023-03-22T18:44:55","modified_gmt":"2023-03-22T21:44:55","slug":"missionario-sequestrado-em-2016-por-terroristas-e-liberto-de-cativeiro-no-niger","status":"publish","type":"post","link":"https:\/\/dgospel.com.br\/portal\/index.php\/2023\/03\/22\/missionario-sequestrado-em-2016-por-terroristas-e-liberto-de-cativeiro-no-niger\/","title":{"rendered":"Mission\u00e1rio sequestrado em 2016 por terroristas \u00e9 liberto de cativeiro no N\u00edger"},"content":{"rendered":"\n<p>O&nbsp;<a href=\"https:\/\/www.guiame.com.br\/gospel\/mundo-cristao\/presidente-do-niger-diz-que-missionario-americano-sequestrado-em-2016-foi-achado-com-vida.html\"><strong>mission\u00e1rio norte-americano, Jeffery Woodke<\/strong><\/a>, que liderava um trabalho mission\u00e1rio no N\u00edger e participou de movimentos de ajuda humanit\u00e1ria durante 24 anos, foi raptado por um grupo extremista isl\u00e2mico, em oututbro de 2016.<\/p>\n\n\n\n<p>Ap\u00f3s quase 7 anos de cativeiro, ele foi solto numa regi\u00e3o fronteiri\u00e7a entre Burkina Faso e Mali. Os respons\u00e1veis pelo sequestro s\u00e3o conhecidos por realizar raptos h\u00e1 anos na regi\u00e3o, mas as autoridades n\u00e3o divulgaram publicamente o nome do grupo extremista.&nbsp;<\/p>\n\n\n\n<p>De acordo com a Portas Abertas, os grupos terroristas est\u00e3o se aliando e se sobrepondo no Oeste Africano: \u201cEles enxergam os sequestros como uma esp\u00e9cie de neg\u00f3cio, como uma fonte de dinheiro e poder\u201d.<\/p>\n\n\n\n<p>O secret\u00e1rio de Seguran\u00e7a dos Estados Unidos disse em entrevista: \u201cAgradecemos ao N\u00edger pela ajuda para trazer Jeff de volta para aqueles que o amam e sentem sua falta\u201d.&nbsp;<\/p>\n\n\n\n<p><strong>Sobre o grupo terrorista<\/strong><\/p>\n\n\n\n<p>A esposa de Jeff, Els, disse em entrevista que acredita que o grupo Estado Isl\u00e2mico do Grande Saara (IS-GS, da sigla em ingl\u00eas) tenha sido o respons\u00e1vel pelo sequestro. O grupo \u00e9 um bra\u00e7o de outro grupo extremista, o ISWAP, e \u00e9 afiliado \u00e0 Al-Qaeda.<\/p>\n\n\n\n<p>Jeff ainda est\u00e1 sendo transferido para os EUA e ainda n\u00e3o reencontrou sua fam\u00edlia, mas de acordo com a organiza\u00e7\u00e3o, a certeza de seu retorno j\u00e1 \u00e9 um grande consolo para todos.&nbsp;<\/p>\n\n\n\n<p>Os oficiais mant\u00eam sigilo sobre o processo para a liberta\u00e7\u00e3o de Jeff, mas garantiram que ele receber\u00e1 cuidados m\u00e9dicos e toda ajuda p\u00f3s-trauma de que precisar e que o grupo extremista n\u00e3o recebeu nenhum resgate ou outro tipo de benef\u00edcio para soltar o crist\u00e3o.<\/p>\n\n\n\n<p>O N\u00edger ocupa a 28\u00aa posi\u00e7\u00e3o na Lista Mundial da Persegui\u00e7\u00e3o 2023. Um dos maiores desafios dos crist\u00e3os locais s\u00e3o os sequestros e ataques de grupos extremistas isl\u00e2micos, como Boko Haram e Estado Isl\u00e2mico, que dominaram novos territ\u00f3rios no \u00faltimo ano e procuram eliminar a presen\u00e7a crist\u00e3 no pa\u00eds e em todo Oeste Africano com grande viol\u00eancia.&nbsp;&nbsp;&nbsp;<\/p>\n","protected":false},"excerpt":{"rendered":"<p>O&nbsp;mission\u00e1rio norte-americano, Jeffery Woodke, que liderava um trabalho mission\u00e1rio no N\u00edger e participou de movimentos de ajuda humanit\u00e1ria durante 24 anos, foi raptado por um grupo extremista isl\u00e2mico, em oututbro de 2016. Ap\u00f3s quase 7 anos de cativeiro, ele foi solto numa regi\u00e3o fronteiri\u00e7a entre Burkina Faso e Mali. Os respons\u00e1veis pelo sequestro s\u00e3o conhecidos [&hellip;]<\/p>\n","protected":false},"author":2,"featured_media":15206,"comment_status":"open","ping_status":"open","sticky":false,"template":"","format":"standard","meta":[],"categories":[16],"tags":[],"_links":{"self":[{"href":"https:\/\/dgospel.com.br\/portal\/index.php\/wp-json\/wp\/v2\/posts\/15205"}],"collection":[{"href":"https:\/\/dgospel.com.br\/portal\/index.php\/wp-json\/wp\/v2\/posts"}],"about":[{"href":"https:\/\/dgospel.com.br\/portal\/index.php\/wp-json\/wp\/v2\/types\/post"}],"author":[{"embeddable":true,"href":"https:\/\/dgospel.com.br\/portal\/index.php\/wp-json\/wp\/v2\/users\/2"}],"replies":[{"embeddable":true,"href":"https:\/\/dgospel.com.br\/portal\/index.php\/wp-json\/wp\/v2\/comments?post=15205"}],"version-history":[{"count":1,"href":"https:\/\/dgospel.com.br\/portal\/index.php\/wp-json\/wp\/v2\/posts\/15205\/revisions"}],"predecessor-version":[{"id":15207,"href":"https:\/\/dgospel.com.br\/portal\/index.php\/wp-json\/wp\/v2\/posts\/15205\/revisions\/15207"}],"wp:featuredmedia":[{"embeddable":true,"href":"https:\/\/dgospel.com.br\/portal\/index.php\/wp-json\/wp\/v2\/media\/15206"}],"wp:attachment":[{"href":"https:\/\/dgospel.com.br\/portal\/index.php\/wp-json\/wp\/v2\/media?parent=15205"}],"wp:term":[{"taxonomy":"category","embeddable":true,"href":"https:\/\/dgospel.com.br\/portal\/index.php\/wp-json\/wp\/v2\/categories?post=15205"},{"taxonomy":"post_tag","embeddable":true,"href":"https:\/\/dgospel.com.br\/portal\/index.php\/wp-json\/wp\/v2\/tags?post=15205"}],"curies":[{"name":"wp","href":"https:\/\/api.w.org\/{rel}","templated":true}]}}