{"id":15211,"date":"2023-03-22T21:49:11","date_gmt":"2023-03-23T00:49:11","guid":{"rendered":"http:\/\/dgospel.com.br\/portal\/?p=15211"},"modified":"2023-03-22T21:49:12","modified_gmt":"2023-03-23T00:49:12","slug":"parlamentares-ligam-plano-do-pcc-para-matar-moro-a-ameaca-de-lula","status":"publish","type":"post","link":"https:\/\/dgospel.com.br\/portal\/index.php\/2023\/03\/22\/parlamentares-ligam-plano-do-pcc-para-matar-moro-a-ameaca-de-lula\/","title":{"rendered":"Parlamentares ligam plano do PCC para matar Moro a amea\u00e7a de Lula"},"content":{"rendered":"\n<p>Alguns parlamentares est\u00e3o associando o plano do Primeiro Comando da Capital (PCC) para matar o senador Sergio Moro (Uni\u00e3o Brasil-PR) a fala do presidente Lula contra o ex-juiz da opera\u00e7\u00e3o Lava Jato. Na ter\u00e7a-feira 21, o petista disse que, enquanto estava preso em Curitiba, tinha vontade de \u201cf****\u201d Moro.<\/p>\n\n\n\n<p>O deputado federal Delegado Ramagem (PL-RJ) interpelou se a ordem seria uma \u201ccoincid\u00eancia\u201d. \u201c\u00c1udios de l\u00edderes de fac\u00e7\u00f5es criminosas reclamando da rigidez do governo Jair Bolsonaro e revelando a exist\u00eancia de di\u00e1logo cabuloso com o PT\u201d,\u00a0<a rel=\"noreferrer noopener\" href=\"https:\/\/twitter.com\/delegadoramagem\/status\/1638603592285167620\" target=\"_blank\"><strong>escreveu em seu perfil no Twitter<\/strong><\/a>. \u201cLula falando abertamente que s\u00f3 ficaria bem quando \u2018f***\u2019 o juiz que o condenou \u00e0 pris\u00e3o; 3. Pol\u00edcia Federal revela que fac\u00e7\u00e3o criminosa tinha plano de sequestro e homic\u00eddio de autoridades p\u00fablicas, entre elas, Sergio Moro.\u201d<\/p>\n\n\n\n<p>J\u00e1 o deputado federal Filipe Barros (PL-PR) classificou a fala de Lula como \u201ca autoriza\u00e7\u00e3o que o PCC precisava para executar o plano\u201d de matar Moro. Segundo Carla Zambelli (PL-SP), deputada federal, a fala de Lula foi criminosa e ele deve ser responsabilizado.<\/p>\n\n\n\n<p>\u201cS\u00f3 imaginem se fosse Bolsonaro no lugar de lula, disse Carla. \u201cA imprensa lulista estaria pedindo a pris\u00e3o dele. Hoje, ela tenta passar pano para a fala criminosa de lula que, segundo ele mesmo, n\u00e3o foi de ontem, era recorrente. E por ela ele deve ser responsabilizado, e ser\u00e1!\u201d<\/p>\n","protected":false},"excerpt":{"rendered":"<p>Alguns parlamentares est\u00e3o associando o plano do Primeiro Comando da Capital (PCC) para matar o senador Sergio Moro (Uni\u00e3o Brasil-PR) a fala do presidente Lula contra o ex-juiz da opera\u00e7\u00e3o Lava Jato. Na ter\u00e7a-feira 21, o petista disse que, enquanto estava preso em Curitiba, tinha vontade de \u201cf****\u201d Moro. O deputado federal Delegado Ramagem (PL-RJ) [&hellip;]<\/p>\n","protected":false},"author":2,"featured_media":15212,"comment_status":"open","ping_status":"open","sticky":false,"template":"","format":"standard","meta":[],"categories":[4],"tags":[],"_links":{"self":[{"href":"https:\/\/dgospel.com.br\/portal\/index.php\/wp-json\/wp\/v2\/posts\/15211"}],"collection":[{"href":"https:\/\/dgospel.com.br\/portal\/index.php\/wp-json\/wp\/v2\/posts"}],"about":[{"href":"https:\/\/dgospel.com.br\/portal\/index.php\/wp-json\/wp\/v2\/types\/post"}],"author":[{"embeddable":true,"href":"https:\/\/dgospel.com.br\/portal\/index.php\/wp-json\/wp\/v2\/users\/2"}],"replies":[{"embeddable":true,"href":"https:\/\/dgospel.com.br\/portal\/index.php\/wp-json\/wp\/v2\/comments?post=15211"}],"version-history":[{"count":1,"href":"https:\/\/dgospel.com.br\/portal\/index.php\/wp-json\/wp\/v2\/posts\/15211\/revisions"}],"predecessor-version":[{"id":15213,"href":"https:\/\/dgospel.com.br\/portal\/index.php\/wp-json\/wp\/v2\/posts\/15211\/revisions\/15213"}],"wp:featuredmedia":[{"embeddable":true,"href":"https:\/\/dgospel.com.br\/portal\/index.php\/wp-json\/wp\/v2\/media\/15212"}],"wp:attachment":[{"href":"https:\/\/dgospel.com.br\/portal\/index.php\/wp-json\/wp\/v2\/media?parent=15211"}],"wp:term":[{"taxonomy":"category","embeddable":true,"href":"https:\/\/dgospel.com.br\/portal\/index.php\/wp-json\/wp\/v2\/categories?post=15211"},{"taxonomy":"post_tag","embeddable":true,"href":"https:\/\/dgospel.com.br\/portal\/index.php\/wp-json\/wp\/v2\/tags?post=15211"}],"curies":[{"name":"wp","href":"https:\/\/api.w.org\/{rel}","templated":true}]}}