{"id":15217,"date":"2023-03-22T22:11:01","date_gmt":"2023-03-23T01:11:01","guid":{"rendered":"http:\/\/dgospel.com.br\/portal\/?p=15217"},"modified":"2023-03-22T22:11:02","modified_gmt":"2023-03-23T01:11:02","slug":"congresso-cpmi-de-8-de-janeiro-deve-ser-tratada-em-abril","status":"publish","type":"post","link":"https:\/\/dgospel.com.br\/portal\/index.php\/2023\/03\/22\/congresso-cpmi-de-8-de-janeiro-deve-ser-tratada-em-abril\/","title":{"rendered":"Congresso: CPMI de 8 de janeiro deve ser tratada em abril"},"content":{"rendered":"\n<p>Nesta quarta-feira (22), os deputados federais Andr\u00e9 Fernandes (PL-CE), Filipe Barros (PL-PR) e Nikolas Ferreira (PL-MG) se reuniram com o presidente do Senado, Rodrigo Pacheco (PSD-RO) para tratarem sobre a Comiss\u00e3o Parlamentar Mista de Inqu\u00e9rito que ir\u00e1 investigar os atos de 8 de janeiro.<\/p>\n\n\n\n<p>Durante o encontro foi decidido que na primeira quinzena de abril o Congresso Nacional far\u00e1 uma reuni\u00e3o para ler o requerimento da abertura da CPMI.<\/p>\n\n\n\n<p>\u2013 Acabamos de conversar com o Presidente do Congresso Nacional, Rodrigo Pacheco, para tratar sobre a CPMI do 8 de janeiro. Ficou acordado que a sess\u00e3o conjunta acontecer\u00e1 entre os dias 11 e 14 de abril. Consequentemente o requerimento ser\u00e1 lido \u2013 revelou Andr\u00e9 Fernandes.<\/p>\n\n\n\n<p>\u2013 Finalmente, teremos a abertura dessa importante comiss\u00e3o \u2013 declarou Nikolas ap\u00f3s o encontro.<\/p>\n\n\n\n<p>A CPMI tem como objetivo investigar os atos de a\u00e7\u00e3o e omiss\u00e3o que aconteceram nas sedes Tr\u00eas Poderes da Rep\u00fablica, em Bras\u00edlia, no dia 8 de janeiro.<\/p>\n","protected":false},"excerpt":{"rendered":"<p>Nesta quarta-feira (22), os deputados federais Andr\u00e9 Fernandes (PL-CE), Filipe Barros (PL-PR) e Nikolas Ferreira (PL-MG) se reuniram com o presidente do Senado, Rodrigo Pacheco (PSD-RO) para tratarem sobre a Comiss\u00e3o Parlamentar Mista de Inqu\u00e9rito que ir\u00e1 investigar os atos de 8 de janeiro. Durante o encontro foi decidido que na primeira quinzena de abril [&hellip;]<\/p>\n","protected":false},"author":2,"featured_media":15218,"comment_status":"open","ping_status":"open","sticky":false,"template":"","format":"standard","meta":[],"categories":[8],"tags":[],"_links":{"self":[{"href":"https:\/\/dgospel.com.br\/portal\/index.php\/wp-json\/wp\/v2\/posts\/15217"}],"collection":[{"href":"https:\/\/dgospel.com.br\/portal\/index.php\/wp-json\/wp\/v2\/posts"}],"about":[{"href":"https:\/\/dgospel.com.br\/portal\/index.php\/wp-json\/wp\/v2\/types\/post"}],"author":[{"embeddable":true,"href":"https:\/\/dgospel.com.br\/portal\/index.php\/wp-json\/wp\/v2\/users\/2"}],"replies":[{"embeddable":true,"href":"https:\/\/dgospel.com.br\/portal\/index.php\/wp-json\/wp\/v2\/comments?post=15217"}],"version-history":[{"count":1,"href":"https:\/\/dgospel.com.br\/portal\/index.php\/wp-json\/wp\/v2\/posts\/15217\/revisions"}],"predecessor-version":[{"id":15219,"href":"https:\/\/dgospel.com.br\/portal\/index.php\/wp-json\/wp\/v2\/posts\/15217\/revisions\/15219"}],"wp:featuredmedia":[{"embeddable":true,"href":"https:\/\/dgospel.com.br\/portal\/index.php\/wp-json\/wp\/v2\/media\/15218"}],"wp:attachment":[{"href":"https:\/\/dgospel.com.br\/portal\/index.php\/wp-json\/wp\/v2\/media?parent=15217"}],"wp:term":[{"taxonomy":"category","embeddable":true,"href":"https:\/\/dgospel.com.br\/portal\/index.php\/wp-json\/wp\/v2\/categories?post=15217"},{"taxonomy":"post_tag","embeddable":true,"href":"https:\/\/dgospel.com.br\/portal\/index.php\/wp-json\/wp\/v2\/tags?post=15217"}],"curies":[{"name":"wp","href":"https:\/\/api.w.org\/{rel}","templated":true}]}}