{"id":15220,"date":"2023-03-22T22:14:34","date_gmt":"2023-03-23T01:14:34","guid":{"rendered":"http:\/\/dgospel.com.br\/portal\/?p=15220"},"modified":"2023-03-22T22:14:36","modified_gmt":"2023-03-23T01:14:36","slug":"lula-vai-sofrer-impeachment-e-flavio-dino-sera-preso-diz-do-val","status":"publish","type":"post","link":"https:\/\/dgospel.com.br\/portal\/index.php\/2023\/03\/22\/lula-vai-sofrer-impeachment-e-flavio-dino-sera-preso-diz-do-val\/","title":{"rendered":"Lula vai sofrer impeachment e Fl\u00e1vio Dino ser\u00e1 preso, diz Do Val"},"content":{"rendered":"\n<p>O senador Marcos do Val (Podemos-ES) usou seu Twitter, nesta quarta-feira (22), para publicar um v\u00eddeo afirmando que o presidente do Senado, Rodrigo Pacheco (PSD-MG) deu a ele sua palavra de que ler\u00e1 na sess\u00e3o conjunta do Congresso Nacional, entre os dias 11 e 14 de abril, o pedido de Comiss\u00e3o Parlamentar Mista de Inqu\u00e9rito (CPMI) para investigar os pormenores dos atos radicais em 8 de janeiro, no Distrito Federal.<\/p>\n\n\n\n<p>No mesma publica\u00e7\u00e3o, Marcos do Val diz que assim que a CPMI for iniciada, Lula sofrer\u00e1 impeachment e o ministro da Justi\u00e7a, Fl\u00e1vio Dino, ser\u00e1 preso.<\/p>\n\n\n\n<p>\u2013 (\u2026) Quando eu mostrar para voc\u00eas os documentos que est\u00e3o em sigilo, n\u00e3o tem como Lula continuar na presid\u00eancia. Vai ser consequ\u00eancia o impeachment dele, o afastamento e a pris\u00e3o do Fl\u00e1vio Dino e do G. Dias (Marco Edson Gon\u00e7alves Dias), general que comanda o GSI (Gabinete de Seguran\u00e7a Institucional). Ent\u00e3o voc\u00eas podem ficar tranquilos que quando come\u00e7ar a CPMI, acabou Lula \u2013 afirmou o senador.<\/p>\n\n\n\n<p>\u2013 Por isso que o governo est\u00e1 neste desespero. Gente, n\u00e3o \u00e9 preocupado n\u00e3o. Eles est\u00e3o desesperados! \u2013 garantiu o parlamentar.<\/p>\n\n\n\n<p>Confira no link abaixo <\/p>\n\n\n\n<p><blockquote class=\"twitter-tweet\" data-width=\"550\" data-dnt=\"true\"><p lang=\"zxx\" dir=\"ltr\"><a href=\"https:\/\/t.co\/rBYFq0ghyH\">pic.twitter.com\/rBYFq0ghyH<\/a><\/p>&mdash; Marcos do Val (@marcosdoval) <a href=\"https:\/\/twitter.com\/marcosdoval\/status\/1638659920475181056?ref_src=twsrc%5Etfw\">March 22, 2023<\/a><\/blockquote><script async src=\"https:\/\/platform.twitter.com\/widgets.js\" charset=\"utf-8\"><\/script><\/p>\n","protected":false},"excerpt":{"rendered":"<p>O senador Marcos do Val (Podemos-ES) usou seu Twitter, nesta quarta-feira (22), para publicar um v\u00eddeo afirmando que o presidente do Senado, Rodrigo Pacheco (PSD-MG) deu a ele sua palavra de que ler\u00e1 na sess\u00e3o conjunta do Congresso Nacional, entre os dias 11 e 14 de abril, o pedido de Comiss\u00e3o Parlamentar Mista de Inqu\u00e9rito [&hellip;]<\/p>\n","protected":false},"author":2,"featured_media":15221,"comment_status":"open","ping_status":"open","sticky":false,"template":"","format":"standard","meta":[],"categories":[8],"tags":[],"_links":{"self":[{"href":"https:\/\/dgospel.com.br\/portal\/index.php\/wp-json\/wp\/v2\/posts\/15220"}],"collection":[{"href":"https:\/\/dgospel.com.br\/portal\/index.php\/wp-json\/wp\/v2\/posts"}],"about":[{"href":"https:\/\/dgospel.com.br\/portal\/index.php\/wp-json\/wp\/v2\/types\/post"}],"author":[{"embeddable":true,"href":"https:\/\/dgospel.com.br\/portal\/index.php\/wp-json\/wp\/v2\/users\/2"}],"replies":[{"embeddable":true,"href":"https:\/\/dgospel.com.br\/portal\/index.php\/wp-json\/wp\/v2\/comments?post=15220"}],"version-history":[{"count":1,"href":"https:\/\/dgospel.com.br\/portal\/index.php\/wp-json\/wp\/v2\/posts\/15220\/revisions"}],"predecessor-version":[{"id":15222,"href":"https:\/\/dgospel.com.br\/portal\/index.php\/wp-json\/wp\/v2\/posts\/15220\/revisions\/15222"}],"wp:featuredmedia":[{"embeddable":true,"href":"https:\/\/dgospel.com.br\/portal\/index.php\/wp-json\/wp\/v2\/media\/15221"}],"wp:attachment":[{"href":"https:\/\/dgospel.com.br\/portal\/index.php\/wp-json\/wp\/v2\/media?parent=15220"}],"wp:term":[{"taxonomy":"category","embeddable":true,"href":"https:\/\/dgospel.com.br\/portal\/index.php\/wp-json\/wp\/v2\/categories?post=15220"},{"taxonomy":"post_tag","embeddable":true,"href":"https:\/\/dgospel.com.br\/portal\/index.php\/wp-json\/wp\/v2\/tags?post=15220"}],"curies":[{"name":"wp","href":"https:\/\/api.w.org\/{rel}","templated":true}]}}