{"id":15223,"date":"2023-03-23T22:14:36","date_gmt":"2023-03-24T01:14:36","guid":{"rendered":"http:\/\/dgospel.com.br\/portal\/?p=15223"},"modified":"2023-03-23T22:17:57","modified_gmt":"2023-03-24T01:17:57","slug":"pl-do-gipao-visa-ampliar-isencao-do-icms-as-pessoas-com-deficiencia-na-aquisicao-de-veiculos","status":"publish","type":"post","link":"https:\/\/dgospel.com.br\/portal\/index.php\/2023\/03\/23\/pl-do-gipao-visa-ampliar-isencao-do-icms-as-pessoas-com-deficiencia-na-aquisicao-de-veiculos\/","title":{"rendered":"PL do Gip\u00e3o visa ampliar isen\u00e7\u00e3o do ICMS \u00e0s pessoas com defici\u00eancia na aquisi\u00e7\u00e3o de ve\u00edculos"},"content":{"rendered":"\n<p>Projeto de Lei, que prop\u00f5e aumentar o valor de isen\u00e7\u00e3o do ICMS, sobre os ve\u00edculos para pessoas com defici\u00eancia, no Tocantins, de R$70,000,00 para R$110,000,00, foi apresentado pelo deputado estadual, Aldair da Costa&nbsp; (Gip\u00e3o), na Assembleia Legislativa do Tocantins (Aleto).<\/p>\n\n\n\n<p>Gip\u00e3o defendeu que o objetivo da amplia\u00e7\u00e3o da margem de isen\u00e7\u00e3o seja concedida diretamente \u00e0s pessoas com defici\u00eancia ou seu representante. Na justificava, o parlamentar tamb\u00e9m destacou mat\u00e9rias jornal\u00edsticas publicadas pela imprensa nacional, sobre o reajuste m\u00e9dio de 17,12%, no pre\u00e7o dos carros mais vendidos no pa\u00eds nos \u00faltimos 12 meses, o que impacta no ve\u00edculo alcan\u00e7ado pela isen\u00e7\u00e3o, gerando a necessidade de adequa\u00e7\u00e3o dos descontos.<\/p>\n\n\n\n<p>\u201cHoje, dificilmente, voc\u00ea encontra um carro no valor acess\u00edvel e que atenda \u00e0s necessidades do portador de defici\u00eancia, tendo em vista que n\u00e3o tem como tratar essa quest\u00e3o de forma coletiva. O carro que se ad\u00e9qua \u00e0 realidade de um, n\u00e3o atende \u00e0 do outro. \u00c9 algo que deve ser tratado de forma particular; cada caso, \u00e9 um caso. Neste sentido, \u00e9 justo que o estado, seguindo as diretrizes da uni\u00e3o, amplie ao m\u00e1ximo o valor dos ve\u00edculos, para que pessoas com defici\u00eancia possam adquirir um autom\u00f3vel\u201d, disse o deputado.<\/p>\n\n\n\n<p>Um fator relevante \u00e9 que a Medida Provis\u00f3ria, de 6 de janeiro deste ano, fixou em de R$70,000,00 o valor m\u00e1ximo do carro comprado por pessoas com defici\u00eancia f\u00edsica, visual, mental severa ou profunda, surdas ou com defici\u00eancia auditiva, S\u00edndrome de Down ou autistas isentas de pagar o imposto. Se aprovado pela casa, o PL ter\u00e1 for\u00e7a para alterar essa medida.<\/p>\n\n\n\n<p>Inclus\u00e3o social<br>\u201cEsse projeto n\u00e3o s\u00f3 visa gerar uma mera facilidade para esse p\u00fablico. Na verdade isso \u00e9 quest\u00e3o de&nbsp; inclus\u00e3o social. Sabemos das reais dificuldades das pessoas portadoras de alguma defici\u00eancia, que precisam lidar, diariamente, com alguma limita\u00e7\u00e3o. Nada mais justo que uma a\u00e7\u00e3o do poder p\u00fablico que facilite os meios de locomo\u00e7\u00e3o delas, com o m\u00e1ximo de qualidade poss\u00edvel\u201d, defendeu Gip\u00e3o.<\/p>\n\n\n\n<p>Andamento<br>O projeto est\u00e1 sujeito avalia\u00e7\u00e3o da Comiss\u00e3o de Constitui\u00e7\u00e3o, Reda\u00e7\u00e3o e Justi\u00e7a e mais outras duas comiss\u00f5es da Aleto, antes de ser apreciado pelos deputados em plen\u00e1rio.<\/p>\n","protected":false},"excerpt":{"rendered":"<p>Projeto de Lei, que prop\u00f5e aumentar o valor de isen\u00e7\u00e3o do ICMS, sobre os ve\u00edculos para pessoas com defici\u00eancia, no Tocantins, de R$70,000,00 para R$110,000,00, foi apresentado pelo deputado estadual, Aldair da Costa&nbsp; (Gip\u00e3o), na Assembleia Legislativa do Tocantins (Aleto). Gip\u00e3o defendeu que o objetivo da amplia\u00e7\u00e3o da margem de isen\u00e7\u00e3o seja concedida diretamente \u00e0s [&hellip;]<\/p>\n","protected":false},"author":2,"featured_media":15226,"comment_status":"open","ping_status":"open","sticky":false,"template":"","format":"standard","meta":[],"categories":[8],"tags":[13],"_links":{"self":[{"href":"https:\/\/dgospel.com.br\/portal\/index.php\/wp-json\/wp\/v2\/posts\/15223"}],"collection":[{"href":"https:\/\/dgospel.com.br\/portal\/index.php\/wp-json\/wp\/v2\/posts"}],"about":[{"href":"https:\/\/dgospel.com.br\/portal\/index.php\/wp-json\/wp\/v2\/types\/post"}],"author":[{"embeddable":true,"href":"https:\/\/dgospel.com.br\/portal\/index.php\/wp-json\/wp\/v2\/users\/2"}],"replies":[{"embeddable":true,"href":"https:\/\/dgospel.com.br\/portal\/index.php\/wp-json\/wp\/v2\/comments?post=15223"}],"version-history":[{"count":1,"href":"https:\/\/dgospel.com.br\/portal\/index.php\/wp-json\/wp\/v2\/posts\/15223\/revisions"}],"predecessor-version":[{"id":15225,"href":"https:\/\/dgospel.com.br\/portal\/index.php\/wp-json\/wp\/v2\/posts\/15223\/revisions\/15225"}],"wp:featuredmedia":[{"embeddable":true,"href":"https:\/\/dgospel.com.br\/portal\/index.php\/wp-json\/wp\/v2\/media\/15226"}],"wp:attachment":[{"href":"https:\/\/dgospel.com.br\/portal\/index.php\/wp-json\/wp\/v2\/media?parent=15223"}],"wp:term":[{"taxonomy":"category","embeddable":true,"href":"https:\/\/dgospel.com.br\/portal\/index.php\/wp-json\/wp\/v2\/categories?post=15223"},{"taxonomy":"post_tag","embeddable":true,"href":"https:\/\/dgospel.com.br\/portal\/index.php\/wp-json\/wp\/v2\/tags?post=15223"}],"curies":[{"name":"wp","href":"https:\/\/api.w.org\/{rel}","templated":true}]}}