{"id":15227,"date":"2023-03-23T22:23:30","date_gmt":"2023-03-24T01:23:30","guid":{"rendered":"http:\/\/dgospel.com.br\/portal\/?p=15227"},"modified":"2023-03-23T22:23:31","modified_gmt":"2023-03-24T01:23:31","slug":"lula-escarnece-sergio-moro-e-juizes-federais-repudiam-atitude","status":"publish","type":"post","link":"https:\/\/dgospel.com.br\/portal\/index.php\/2023\/03\/23\/lula-escarnece-sergio-moro-e-juizes-federais-repudiam-atitude\/","title":{"rendered":"Lula escarnece Sergio Moro e ju\u00edzes federais repudiam atitude"},"content":{"rendered":"\n<p>A Associa\u00e7\u00e3o dos Ju\u00edzes Federais do Brasil (Ajufe) emitiu nota de rep\u00fadio contra o presidente Lula (PT) por ter zombado do fato de o senador Sergio Moro (Uni\u00e3o Brasil-PR) e sua fam\u00edlia terem sido alvo de um plano de sequestro arquitetado por criminosos da fac\u00e7\u00e3o Primeiro Comando da Capital (PCC).<\/p>\n\n\n\n<p>O petista riu da opera\u00e7\u00e3o deflagrada pela Pol\u00edcia Federal, nesta quarta-feira (22), e disse que se trata de uma \u201carma\u00e7\u00e3o\u201d do ex-juiz Sergio Moro. Essa fala descabida foi dita durante coletiva de imprensa em Itagua\u00ed, no Rio de Janeiro, nesta quinta-feira (23).<\/p>\n\n\n\n<p>\u2013 O ataque pessoal a Ju\u00edzas e Ju\u00edzes Federais provoca instabilidade social e se distancia da necessidade urgente de concilia\u00e7\u00e3o entre os Poderes \u2013 disse a Ajufe em seu comunicado.<\/p>\n","protected":false},"excerpt":{"rendered":"<p>A Associa\u00e7\u00e3o dos Ju\u00edzes Federais do Brasil (Ajufe) emitiu nota de rep\u00fadio contra o presidente Lula (PT) por ter zombado do fato de o senador Sergio Moro (Uni\u00e3o Brasil-PR) e sua fam\u00edlia terem sido alvo de um plano de sequestro arquitetado por criminosos da fac\u00e7\u00e3o Primeiro Comando da Capital (PCC). O petista riu da opera\u00e7\u00e3o [&hellip;]<\/p>\n","protected":false},"author":2,"featured_media":15228,"comment_status":"open","ping_status":"open","sticky":false,"template":"","format":"standard","meta":[],"categories":[10],"tags":[],"_links":{"self":[{"href":"https:\/\/dgospel.com.br\/portal\/index.php\/wp-json\/wp\/v2\/posts\/15227"}],"collection":[{"href":"https:\/\/dgospel.com.br\/portal\/index.php\/wp-json\/wp\/v2\/posts"}],"about":[{"href":"https:\/\/dgospel.com.br\/portal\/index.php\/wp-json\/wp\/v2\/types\/post"}],"author":[{"embeddable":true,"href":"https:\/\/dgospel.com.br\/portal\/index.php\/wp-json\/wp\/v2\/users\/2"}],"replies":[{"embeddable":true,"href":"https:\/\/dgospel.com.br\/portal\/index.php\/wp-json\/wp\/v2\/comments?post=15227"}],"version-history":[{"count":1,"href":"https:\/\/dgospel.com.br\/portal\/index.php\/wp-json\/wp\/v2\/posts\/15227\/revisions"}],"predecessor-version":[{"id":15229,"href":"https:\/\/dgospel.com.br\/portal\/index.php\/wp-json\/wp\/v2\/posts\/15227\/revisions\/15229"}],"wp:featuredmedia":[{"embeddable":true,"href":"https:\/\/dgospel.com.br\/portal\/index.php\/wp-json\/wp\/v2\/media\/15228"}],"wp:attachment":[{"href":"https:\/\/dgospel.com.br\/portal\/index.php\/wp-json\/wp\/v2\/media?parent=15227"}],"wp:term":[{"taxonomy":"category","embeddable":true,"href":"https:\/\/dgospel.com.br\/portal\/index.php\/wp-json\/wp\/v2\/categories?post=15227"},{"taxonomy":"post_tag","embeddable":true,"href":"https:\/\/dgospel.com.br\/portal\/index.php\/wp-json\/wp\/v2\/tags?post=15227"}],"curies":[{"name":"wp","href":"https:\/\/api.w.org\/{rel}","templated":true}]}}