{"id":1523,"date":"2018-10-07T23:46:21","date_gmt":"2018-10-08T02:46:21","guid":{"rendered":"http:\/\/dgospel.com.br\/portal\/?p=1523"},"modified":"2018-10-07T23:48:33","modified_gmt":"2018-10-08T02:48:33","slug":"mauro-carlesse-e-reeleito-governador-do-tocantins","status":"publish","type":"post","link":"https:\/\/dgospel.com.br\/portal\/index.php\/2018\/10\/07\/mauro-carlesse-e-reeleito-governador-do-tocantins\/","title":{"rendered":"Mauro Carlesse \u00e9 reeleito governador do Tocantins"},"content":{"rendered":"<p>O atual governador do Tocantins,\u00a0<a href=\"http:\/\/g1.globo.com\/politica\/politico\/mauro-carlesse.html\"><strong>Mauro Carlesse (PHS)<\/strong><\/a>, est\u00e1 oficialmente reeleito em primeiro turno, com 57,39% dos votos v\u00e1lidos. O resultado foi confirmado pelo TSE \u00e0s 18h31 deste domingo (7). Carlesse estava em Gurupi durante a apura\u00e7\u00e3o das urnas.<\/p>\n<p>O pol\u00edtico de 58 anos era presidente da Assembleia Legislativa do estado at\u00e9 mar\u00e7o e assumiu o governo do estado interinamente ap\u00f3s o\u00a0<a href=\"https:\/\/g1.globo.com\/to\/tocantins\/noticia\/tse-publica-cassacao-de-marcelo-miranda-e-determina-eleicoes-diretas-no-tocantins.ghtml\"><strong>Tribunal Superior Eleitoral cassar os mandatos de Marcelo Miranda (MDB) e Cl\u00e1udia Lelis (PV)<\/strong><\/a>\u00a0dos cargos de governador e vice.<\/p>\n<p>O atual governador recebeu 404.484 votos, contra 219.842 de Carlos Amastha (PSB). O terceiro colocado, Marlon Reis (Rede), teve 47.046 votos.<\/p>\n<p>Ele concorreu na Elei\u00e7\u00e3o Suplementar e\u00a0<a href=\"https:\/\/g1.globo.com\/to\/tocantins\/eleicao-suplementar\/2018\/noticia\/mauro-carlesse-e-eleito-governador-do-tocantins-para-o-mandato-tampao.ghtml\"><strong>foi escolhido para continuar no cargo at\u00e9 o fim do ano.<\/strong><\/a>\u00a0Voltou a se candidatar para as elei\u00e7\u00f5es gerais e agora deve seguir no comando do executivo estadual pelos pr\u00f3ximos quatro anos.<\/p>\n<p>Ap\u00f3s a vit\u00f3ria confirmada, o governador falou sobre as prioridades da gest\u00e3o.<\/p>\n<p>&#8220;A prioridade sempre vai ser sa\u00fade. N\u00f3s vamos investir muito na sa\u00fade. \u00c9 l\u00f3gico que n\u00f3s n\u00e3o podemos esquecer da infraestrutura, da educa\u00e7\u00e3o. Mas o maior objetivo nosso \u00e9 fazer com que a popula\u00e7\u00e3o se sinta melhor principalmente na sa\u00fade. Fazer com que o Estado cres\u00e7a, mas cres\u00e7a com o p\u00e9 no ch\u00e3o. N\u00e3o fazendo obras que n\u00e3o t\u00eam o interesse da popula\u00e7\u00e3o. N\u00f3s vamos trabalhar num sentido s\u00f3: ajudando a comunidade de todas as formas. Este Estado daqui pra frente vai ser um novo estado, com f\u00e9 em Deus.&#8221;<\/p>\n<p>O candidato derrotou os candidatos Carlos Amastha (PSB), Marlon Reis (Rede), C\u00e9sar Simoni (PSL) e Bernadete Aparecida (PSOL).<\/p>\n<p>Ap\u00f3s a derrota, Carlos Amastha disse que n\u00e3o vai desistir do estado. &#8220;Fizemos uma campanha linda e propositiva. Agrade\u00e7o cada parceria, cada voto. Nunca vamos desistir do Tocantins.&#8221;<\/p>\n<p>No fim da apura\u00e7\u00e3o ele participou de uma carreata pelas ruas de Gurupi.<\/p>\n<p>&nbsp;<\/p>\n<p><strong>Perfil<\/strong><\/p>\n<p>Carlesse nasceu em Terra Boa (PR) e no Tocantins atuou como empres\u00e1rio e agropecuarista. Ele iniciou na pol\u00edtica ao se filiar no Partido Verde (PV) em 2011. Foi candidato a prefeito em Gurupi nas elei\u00e7\u00f5es de 2012. No ano seguinte, filiou-se ao Partido Trabalhista Brasileiro (PTB) e venceu as elei\u00e7\u00f5es de 2014 para deputado estadual.<\/p>\n<p>Foi eleito em julho de 2016 e assumiu o cargo de presidente da Assembleia Legislativa para o bi\u00eanio 2017\/2019.<\/p>\n<p>Em 2015, Carlesse se envolveu em uma pol\u00eamica ao ser preso no departamento de assessoria militar da Assembleia Legislativa, em Palmas. A pris\u00e3o foi decretada por causa de um processo de execu\u00e7\u00e3o de pagamento de pens\u00e3o aliment\u00edcia contra o parlamentar, que corre na comarca de Barueri (SP). Na \u00e9poca, o advogado do parlamentar, Sandro Henrique Armando, disse que houve uma diverg\u00eancia nos valores defendidos pelas partes.<\/p>\n<p><strong>Principais propostas<\/strong><\/p>\n<p>O\u00a0<a href=\"https:\/\/g1.globo.com\/to\/tocantins\/eleicoes\/2018\/noticia\/2018\/09\/13\/veja-o-que-dizem-os-programas-de-governo-dos-candidatos-ao-palacio-araguaia.ghtml\"><strong>plano de governo de Carlesse \u00e9 focado no equil\u00edbrio fiscal das contas do governo<\/strong><\/a>\u00a0e em propiciar investimentos que possam gerar benef\u00edcios. As medidas incluem a redu\u00e7\u00e3o sistem\u00e1tica no n\u00famero de servidores contratados e nomeados, conten\u00e7\u00e3o de despesas gerais da m\u00e1quina p\u00fablica e renegocia\u00e7\u00e3o de d\u00e9bitos.<\/p>\n<p>Ele prometeu ainda a revis\u00e3o de todos os contratos em andamento e uma gest\u00e3o voltada aos munic\u00edpios. Na \u00e1rea de educa\u00e7\u00e3o, a ideia \u00e9 que o modelo da escola de tempo integral se torne uma pol\u00edtica estadual. Para a seguran\u00e7a p\u00fablica, o enfoque \u00e9 na \u00e1rea de tecnologia e de informa\u00e7\u00e3o e tamb\u00e9m na humaniza\u00e7\u00e3o dos pres\u00eddios e centros de recupera\u00e7\u00e3o.<\/p>\n<p><strong>Resultados<\/strong><\/p>\n<ul>\n<li>Mauro Carlesse (PHS): 57,39% &#8211; 404.484 votos<\/li>\n<li>Carlos Amastha (PSB): 31,19% &#8211; 219.842 votos<\/li>\n<li>Marlon Reis (REDE): 6,68% &#8211; 47.046 votos<\/li>\n<li>C\u00e9sar Simoni (PSL): 4,43% &#8211; 31.231 votos<\/li>\n<li>Bernadete Aparecida (PSOL): 0,31% &#8211; 2.200 votos<\/li>\n<\/ul>\n<p>Fonte:\u00a0G1 Tocantins<\/p>\n","protected":false},"excerpt":{"rendered":"<p>O atual governador do Tocantins,\u00a0Mauro Carlesse (PHS), est\u00e1 oficialmente reeleito em primeiro turno, com 57,39% dos votos v\u00e1lidos. O resultado foi confirmado pelo TSE \u00e0s 18h31 deste domingo (7). Carlesse estava em Gurupi durante a apura\u00e7\u00e3o das urnas. O pol\u00edtico de 58 anos era presidente da Assembleia Legislativa do estado at\u00e9 mar\u00e7o e assumiu o [&hellip;]<\/p>\n","protected":false},"author":2,"featured_media":1524,"comment_status":"open","ping_status":"open","sticky":false,"template":"","format":"standard","meta":[],"categories":[2,4],"tags":[],"_links":{"self":[{"href":"https:\/\/dgospel.com.br\/portal\/index.php\/wp-json\/wp\/v2\/posts\/1523"}],"collection":[{"href":"https:\/\/dgospel.com.br\/portal\/index.php\/wp-json\/wp\/v2\/posts"}],"about":[{"href":"https:\/\/dgospel.com.br\/portal\/index.php\/wp-json\/wp\/v2\/types\/post"}],"author":[{"embeddable":true,"href":"https:\/\/dgospel.com.br\/portal\/index.php\/wp-json\/wp\/v2\/users\/2"}],"replies":[{"embeddable":true,"href":"https:\/\/dgospel.com.br\/portal\/index.php\/wp-json\/wp\/v2\/comments?post=1523"}],"version-history":[{"count":2,"href":"https:\/\/dgospel.com.br\/portal\/index.php\/wp-json\/wp\/v2\/posts\/1523\/revisions"}],"predecessor-version":[{"id":1526,"href":"https:\/\/dgospel.com.br\/portal\/index.php\/wp-json\/wp\/v2\/posts\/1523\/revisions\/1526"}],"wp:featuredmedia":[{"embeddable":true,"href":"https:\/\/dgospel.com.br\/portal\/index.php\/wp-json\/wp\/v2\/media\/1524"}],"wp:attachment":[{"href":"https:\/\/dgospel.com.br\/portal\/index.php\/wp-json\/wp\/v2\/media?parent=1523"}],"wp:term":[{"taxonomy":"category","embeddable":true,"href":"https:\/\/dgospel.com.br\/portal\/index.php\/wp-json\/wp\/v2\/categories?post=1523"},{"taxonomy":"post_tag","embeddable":true,"href":"https:\/\/dgospel.com.br\/portal\/index.php\/wp-json\/wp\/v2\/tags?post=1523"}],"curies":[{"name":"wp","href":"https:\/\/api.w.org\/{rel}","templated":true}]}}