{"id":15230,"date":"2023-03-23T22:25:27","date_gmt":"2023-03-24T01:25:27","guid":{"rendered":"http:\/\/dgospel.com.br\/portal\/?p=15230"},"modified":"2023-03-23T22:25:27","modified_gmt":"2023-03-24T01:25:27","slug":"colunista-perde-a-paciencia-e-diz-que-lula-enlouqueceu","status":"publish","type":"post","link":"https:\/\/dgospel.com.br\/portal\/index.php\/2023\/03\/23\/colunista-perde-a-paciencia-e-diz-que-lula-enlouqueceu\/","title":{"rendered":"Colunista perde a paci\u00eancia e diz que Lula \u201cenlouqueceu\u201d"},"content":{"rendered":"\n<p>O colunista do portal Metr\u00f3poles, Mario Sabino, envolvido na temperatura dos devaneios do presidente Lula (PT), declarou que o petista \u201cenlouqueceu\u201d. O artigo foi publicado nesta quinta-feira (23) e relata a declara\u00e7\u00e3o do presidente sobre o plano para matar o ex-ministro da Justi\u00e7a, Sergio Moro. O ex-l\u00edder sindicalista sugeriu que tudo pode ter sido \u201carma\u00e7\u00e3o\u201d do ex-juiz da Lava Jato.<\/p>\n\n\n\n<p>\u2013 Eu n\u00e3o vou falar, porque acho que \u00e9 mais uma arma\u00e7\u00e3o do Moro, mas eu quero ser cauteloso. Eu vou descobrir o que aconteceu. \u00c9 vis\u00edvel que \u00e9 uma arma\u00e7\u00e3o do Moro, mas eu vou pesquisar e vou saber porqu\u00ea da senten\u00e7a. At\u00e9 fiquei sabendo que a ju\u00edza [Gabriela Hardt, que assinou os pedidos de pris\u00e3o e de busca e apreens\u00e3o levados a cabo pela PF] n\u00e3o estava nem em atividade quando deu o parecer para ele, mas isso a gente vai esperar. Eu n\u00e3o vou ficar atacando ningu\u00e9m sem ter provas. Eu acho que \u00e9 mais uma arma\u00e7\u00e3o e, se for mais uma arma\u00e7\u00e3o, ele vai ficar mais desmascarado ainda. A\u00ed, eu n\u00e3o sei o que ele vai fazer da vida, se ele continuar mentindo do jeito que est\u00e1 mentindo \u2013 disparou o chefe do Executivo.<\/p>\n\n\n\n<p>Sabino salientou que Lula em \u201cuma s\u00f3 tacada, lan\u00e7ou suspeita de crime sobre o Minist\u00e9rio P\u00fablico de S\u00e3o Paulo, a Pol\u00edcia Federal, uma ju\u00edza, o Minist\u00e9rio da Justi\u00e7a do seu pr\u00f3prio governo (e o ministro), al\u00e9m de um senador\u201d. E enfatizou a gravidade da fala do petista como \u201cum ataque \u00e0 democracia\u201d.<\/p>\n\n\n\n<p>\u2013 Lula enlouqueceu e, o que \u00e9 pior, n\u00e3o parece mais haver m\u00e9todo nenhum na sua loucura. O que o move \u00e9 apenas a vingan\u00e7a contra Sergio Moro. Na entrevista a blogueiros amigos, Lula disse que queria f**** o ex-juiz da Lava Jato, enquanto esteve preso em Curitiba. A verdade \u00e9 que ele ainda quer \u2013 frisou o jornalista.<\/p>\n","protected":false},"excerpt":{"rendered":"<p>O colunista do portal Metr\u00f3poles, Mario Sabino, envolvido na temperatura dos devaneios do presidente Lula (PT), declarou que o petista \u201cenlouqueceu\u201d. O artigo foi publicado nesta quinta-feira (23) e relata a declara\u00e7\u00e3o do presidente sobre o plano para matar o ex-ministro da Justi\u00e7a, Sergio Moro. O ex-l\u00edder sindicalista sugeriu que tudo pode ter sido \u201carma\u00e7\u00e3o\u201d [&hellip;]<\/p>\n","protected":false},"author":2,"featured_media":15231,"comment_status":"open","ping_status":"open","sticky":false,"template":"","format":"standard","meta":[],"categories":[4],"tags":[],"_links":{"self":[{"href":"https:\/\/dgospel.com.br\/portal\/index.php\/wp-json\/wp\/v2\/posts\/15230"}],"collection":[{"href":"https:\/\/dgospel.com.br\/portal\/index.php\/wp-json\/wp\/v2\/posts"}],"about":[{"href":"https:\/\/dgospel.com.br\/portal\/index.php\/wp-json\/wp\/v2\/types\/post"}],"author":[{"embeddable":true,"href":"https:\/\/dgospel.com.br\/portal\/index.php\/wp-json\/wp\/v2\/users\/2"}],"replies":[{"embeddable":true,"href":"https:\/\/dgospel.com.br\/portal\/index.php\/wp-json\/wp\/v2\/comments?post=15230"}],"version-history":[{"count":1,"href":"https:\/\/dgospel.com.br\/portal\/index.php\/wp-json\/wp\/v2\/posts\/15230\/revisions"}],"predecessor-version":[{"id":15232,"href":"https:\/\/dgospel.com.br\/portal\/index.php\/wp-json\/wp\/v2\/posts\/15230\/revisions\/15232"}],"wp:featuredmedia":[{"embeddable":true,"href":"https:\/\/dgospel.com.br\/portal\/index.php\/wp-json\/wp\/v2\/media\/15231"}],"wp:attachment":[{"href":"https:\/\/dgospel.com.br\/portal\/index.php\/wp-json\/wp\/v2\/media?parent=15230"}],"wp:term":[{"taxonomy":"category","embeddable":true,"href":"https:\/\/dgospel.com.br\/portal\/index.php\/wp-json\/wp\/v2\/categories?post=15230"},{"taxonomy":"post_tag","embeddable":true,"href":"https:\/\/dgospel.com.br\/portal\/index.php\/wp-json\/wp\/v2\/tags?post=15230"}],"curies":[{"name":"wp","href":"https:\/\/api.w.org\/{rel}","templated":true}]}}