{"id":15233,"date":"2023-03-23T22:28:48","date_gmt":"2023-03-24T01:28:48","guid":{"rendered":"http:\/\/dgospel.com.br\/portal\/?p=15233"},"modified":"2023-03-23T22:28:49","modified_gmt":"2023-03-24T01:28:49","slug":"suspeito-de-planejar-ataque-a-moro-foi-solto-pelo-stf","status":"publish","type":"post","link":"https:\/\/dgospel.com.br\/portal\/index.php\/2023\/03\/23\/suspeito-de-planejar-ataque-a-moro-foi-solto-pelo-stf\/","title":{"rendered":"Suspeito de planejar ataque a Moro foi solto pelo STF"},"content":{"rendered":"\n<p>Valter Lima Nascimento, conhecido como Guinho, suspeito de planejar um atentado contra autoridades, foi solto em abril de 2020 pelo\u00a0<a rel=\"noreferrer noopener\" href=\"https:\/\/portal.stf.jus.br\/\" target=\"_blank\"><strong>Supremo Tribunal Federal<\/strong><\/a>\u00a0(STF). Na \u00e9poca, a decis\u00e3o foi assinada pelo ministro Marco Aur\u00e9lio Mello, hoje aposentado.<\/p>\n\n\n\n<p>O criminoso havia sido preso em flagrante em junho de 2014, com 400 quilos de coca\u00edna. Teve a pris\u00e3o convertida em preventiva e ficou na cadeia at\u00e9 abril de 2015.&nbsp;A condena\u00e7\u00e3o saiu em outubro de 2016. Ele foi sentenciado a 20 anos de reclus\u00e3o, em regime inicial fechado, por tr\u00e1fico de drogas e associa\u00e7\u00e3o para o tr\u00e1fico.<\/p>\n\n\n\n<p>A Justi\u00e7a determinou que ele n\u00e3o poderia recorrer em liberdade e implementou sua pris\u00e3o provis\u00f3ria. O mandado de pris\u00e3o foi expedido em outubro de 2017.&nbsp;Em outubro de 2018, o ministro Marco Aur\u00e9lio afastou pela primeira vez a pris\u00e3o, ao analisar um pedido da defesa. Delibera\u00e7\u00e3o da Primeira Turma do STF, por\u00e9m, derrubou a decis\u00e3o em mar\u00e7o de 2019, e Guinho voltou a ser preso.<\/p>\n\n\n\n<p>Os advogados do criminoso recorreram \u00e0 Justi\u00e7a paulista e ao Superior Tribunal de Justi\u00e7a, que rejeitaram os recursos.&nbsp;<strong>A defesa argumentava que Guinho estava cumprindo provisoriamente a pena, e afirmou que a sua sa\u00fade estava \u201cdebilitada\u201d por causa de um diagn\u00f3stico de h\u00e9rnia de disco.<\/strong><\/p>\n\n\n\n<p><strong>Ao analisar o novo pedido da defesa, em abril 2020, Marco Aur\u00e9lio concedeu a liberdade ao criminoso.<\/strong>&nbsp;O magistrado baseou sua decis\u00e3o no tempo em que ele passou preso sem condena\u00e7\u00e3o definitiva, o que configuraria&nbsp;<strong>excesso de prazo<\/strong>.&nbsp;A decis\u00e3o do ministro, por\u00e9m, foi revista pela 1\u00aa Turma cinco meses depois. Por maioria, os ministros seguiram a diverg\u00eancia aberta pelo ministro Alexandre de Moraes, que derrubou a decis\u00e3o de Marco Aur\u00e9lio, por\u00e9m o criminoso j\u00e1 estava nas ruas.<\/p>\n\n\n\n<p>Segundo a pol\u00edcia, Guinho \u00e9 respons\u00e1vel pela principal conex\u00e3o entre traficantes da Am\u00e9rica Latina e o Primeiro Comando da Capital (PCC).&nbsp;<strong>Ele foi preso novamente em S\u00e3o Paulo, pela Rota, em 9 de janeiro deste ano.<\/strong><\/p>\n\n\n\n<p>O criminoso \u00e9 considerado o bra\u00e7o direito de Gilberto Aparecido dos Santos, o Fuminho, principal fornecedor de drogas para o PCC. Pr\u00f3ximo do chefe da fac\u00e7\u00e3o, Marco Willians Herbas Camacho, o Marcola, Fuminho foi preso em Mo\u00e7ambique em 2020.<\/p>\n\n\n\n<h2>Atentado contra autoridades<\/h2>\n\n\n\n<p>O grupo preso ontem pela Pol\u00edcia Federal integra o PCC e articulava um atentado contra servidores p\u00fablicos e autoridades. Entre os alvos da quadrilha, estavam o senador Sergio Moro (Uni\u00e3o Brasil-PR) e a fam\u00edlia dele, e o promotor de Justi\u00e7a Lincoln Gakiya.<\/p>\n\n\n\n<p>Os nove suspeitos presos \u2014 seis homens e tr\u00eas mulheres \u2014 se encontravam em S\u00e3o Paulo, e os outros dois procurados com mandado de pris\u00e3o expedido s\u00e3o do Paran\u00e1.<\/p>\n","protected":false},"excerpt":{"rendered":"<p>Valter Lima Nascimento, conhecido como Guinho, suspeito de planejar um atentado contra autoridades, foi solto em abril de 2020 pelo\u00a0Supremo Tribunal Federal\u00a0(STF). Na \u00e9poca, a decis\u00e3o foi assinada pelo ministro Marco Aur\u00e9lio Mello, hoje aposentado. O criminoso havia sido preso em flagrante em junho de 2014, com 400 quilos de coca\u00edna. Teve a pris\u00e3o convertida [&hellip;]<\/p>\n","protected":false},"author":2,"featured_media":15234,"comment_status":"open","ping_status":"open","sticky":false,"template":"","format":"standard","meta":[],"categories":[10],"tags":[],"_links":{"self":[{"href":"https:\/\/dgospel.com.br\/portal\/index.php\/wp-json\/wp\/v2\/posts\/15233"}],"collection":[{"href":"https:\/\/dgospel.com.br\/portal\/index.php\/wp-json\/wp\/v2\/posts"}],"about":[{"href":"https:\/\/dgospel.com.br\/portal\/index.php\/wp-json\/wp\/v2\/types\/post"}],"author":[{"embeddable":true,"href":"https:\/\/dgospel.com.br\/portal\/index.php\/wp-json\/wp\/v2\/users\/2"}],"replies":[{"embeddable":true,"href":"https:\/\/dgospel.com.br\/portal\/index.php\/wp-json\/wp\/v2\/comments?post=15233"}],"version-history":[{"count":1,"href":"https:\/\/dgospel.com.br\/portal\/index.php\/wp-json\/wp\/v2\/posts\/15233\/revisions"}],"predecessor-version":[{"id":15235,"href":"https:\/\/dgospel.com.br\/portal\/index.php\/wp-json\/wp\/v2\/posts\/15233\/revisions\/15235"}],"wp:featuredmedia":[{"embeddable":true,"href":"https:\/\/dgospel.com.br\/portal\/index.php\/wp-json\/wp\/v2\/media\/15234"}],"wp:attachment":[{"href":"https:\/\/dgospel.com.br\/portal\/index.php\/wp-json\/wp\/v2\/media?parent=15233"}],"wp:term":[{"taxonomy":"category","embeddable":true,"href":"https:\/\/dgospel.com.br\/portal\/index.php\/wp-json\/wp\/v2\/categories?post=15233"},{"taxonomy":"post_tag","embeddable":true,"href":"https:\/\/dgospel.com.br\/portal\/index.php\/wp-json\/wp\/v2\/tags?post=15233"}],"curies":[{"name":"wp","href":"https:\/\/api.w.org\/{rel}","templated":true}]}}