{"id":15239,"date":"2023-03-24T08:38:46","date_gmt":"2023-03-24T11:38:46","guid":{"rendered":"http:\/\/dgospel.com.br\/portal\/?p=15239"},"modified":"2023-03-24T08:38:48","modified_gmt":"2023-03-24T11:38:48","slug":"governo-do-tocantins-destaca-o-fortalecimento-da-gestao-dos-recursos-hidricos-no-estado-durante-abertura-da-semana-da-agua-e-do-3-encontro-estadual-dos-comites-de-bacias","status":"publish","type":"post","link":"https:\/\/dgospel.com.br\/portal\/index.php\/2023\/03\/24\/governo-do-tocantins-destaca-o-fortalecimento-da-gestao-dos-recursos-hidricos-no-estado-durante-abertura-da-semana-da-agua-e-do-3-encontro-estadual-dos-comites-de-bacias\/","title":{"rendered":"Governo do Tocantins destaca o fortalecimento da gest\u00e3o dos recursos h\u00eddricos no Estado durante abertura da Semana da \u00c1gua e do 3\u00b0 Encontro Estadual dos Comit\u00eas de Bacias"},"content":{"rendered":"\n<p>O Governo do Tocantins, por meio da Secretaria de Estado do Meio Ambiente e Recursos H\u00eddricos (Semarh), e os Comit\u00eas de Bacias Hidrogr\u00e1ficas (CBHs), foram anfitri\u00f5es da 13\u00aa Semana da \u00c1gua e do 3\u00b0 Encontro Estadual dos Comit\u00eas de Bacias (3\u00b0 Ecob), nessa quarta-feira, 22, em celebra\u00e7\u00e3o ao Dia Mundial da \u00c1gua. O encontro segue nesta quinta-feira, 23, no audit\u00f3rio do Tribunal de Contas do Estado (TCE), com palestras e oficinas na programa\u00e7\u00e3o.<\/p>\n\n\n\n<p>Com a presen\u00e7a de representantes da Ag\u00eancia Nacional de \u00c1guas e Saneamento B\u00e1sico (ANA) e gestores de \u00f3rg\u00e3os estaduais, federais e municipais no Tocantins, bem como da sociedade e de diversos segmentos organizados, na abertura do evento foram assinados o Termo de Coopera\u00e7\u00e3o T\u00e9cnica entre a Semarh, o Comit\u00ea de Bacia do Lago de Palmas e a Universidade Estadual do Tocantins (Unitins) para a implanta\u00e7\u00e3o do 4\u00b0 Centro de Refer\u00eancia de Recupera\u00e7\u00e3o de \u00c1reas Degradadas do Estado (Crad), que ser\u00e1 instalado em Palmas.<\/p>\n\n\n\n<p>Em seguida, foi assinado ainda o repasse de R$ 1 milh\u00e3o referente \u00e0 segunda parcela do conv\u00eanio, entre a Semarh e o Cons\u00f3rcio Intermunicipal para gest\u00e3o Compartilhada da Bacia Hidrogr\u00e1fica do M\u00e9dio Tocantins (CI-Lago) para apoio \u00e0 estrutura\u00e7\u00e3o e ao funcionamento dos cinco CBHs do Estado.&nbsp;<\/p>\n\n\n\n<p>O secret\u00e1rio de Estado do Meio Ambiente e Recursos H\u00eddricos, Marcello Lelis, destacou que, \u201c\u00e9 muito bom ver o Tocantins mobilizado, sob orienta\u00e7\u00e3o do nosso governador Wanderlei Barbosa, com pessoas que querem discutir os rumos dos recursos h\u00eddricos e de gestores que muito nos honram com sua presen\u00e7a e parceria nas a\u00e7\u00f5es ambientais. No meu ponto de vista, os protagonistas deste dia s\u00e3o os presidentes dos Comit\u00eas de Bacias Hidrogr\u00e1ficas do Estado, onde se encontram todos os envolvidos no uso racional dos recursos h\u00eddricos, nas discuss\u00f5es das pol\u00edticas e na busca por solu\u00e7\u00f5es\u201d.&nbsp;<\/p>\n\n\n\n<p>O secret\u00e1rio Marcello Lelis citou uma frase do diretor Aldo Azevedo, ao ressaltar os seus 20 anos de dire\u00e7\u00e3o na gest\u00e3o dos recursos h\u00eddricos, onde disse ter encontrado uma diretoria s\u00f3lida, que monitora a qualidade e a quantidade das \u00e1guas do Estado, de forma on-line, em tempo real. \u201cTudo que fazemos, o monitoramento e o controle do uso da \u00e1gua, \u00e9 muito importante. Mas nada \u00e9 t\u00e3o importante quanto descentralizar a gest\u00e3o dos recursos h\u00eddricos, atrav\u00e9s dos Comit\u00eas de Bacias\u201d, mencionou.<\/p>\n\n\n\n<p><strong>Discursos<\/strong><\/p>\n\n\n\n<p>O presidente do CI Lago e prefeito de Tocant\u00ednia, Manoel Silvino, pontuou que os membros dos comit\u00eas s\u00e3o pessoas que trabalham voluntariamente em parceria com o CI-Lago na defesa dos recursos h\u00eddricos. Manoel Silvino tamb\u00e9m resumiu a trajet\u00f3ria de cria\u00e7\u00e3o, abrang\u00eancia, motiva\u00e7\u00e3o e contribui\u00e7\u00e3o do Cons\u00f3rcio.<\/p>\n\n\n\n<p>Representando o presidente da Assembleia Legislativa do Estado, Am\u00e9lio Cayres, a deputada Claudia Lelis, que preside a Comiss\u00e3o de Minas, Energia e Meio Ambiente e Turismo destacou a import\u00e2ncia do trabalho desenvolvido pelos Comit\u00eas em prol da popula\u00e7\u00e3o. \u201cDaqui sair\u00e3o grandes ideias, porque acredito no di\u00e1logo e no prop\u00f3sito que temos de um Tocantins mais forte, com o desenvolvimento pujante, tanto no social quanto no econ\u00f4mico, de forma sustent\u00e1vel. Quero parabenizar todos os envolvidos que se empenharam para que estiv\u00e9ssemos aqui hoje\u201d, afirmou a presidente da Comiss\u00e3o Parlamentar.<\/p>\n\n\n\n<p>O representante do presidente do TCE, conselheiro Andr\u00e9 Luiz de Matos, general Marco Ant\u00f4nio Martins, transmitiu a mensagem. \u201cA \u00e1gua \u00e9 um patrim\u00f4nio da nossa humanidade, um elemento vital para todos os ecossistemas e sociedades humanas, devendo ser compartilhada com as gera\u00e7\u00f5es atuais e futuras que habitam as bacias hidrogr\u00e1ficas e as suas fronteiras. Existe uma presente preocupa\u00e7\u00e3o em preservar este recurso natural, a final \u00e1gua com qualidade e sufici\u00eancia gera riquezas, desenvolvimento e propicia vida saud\u00e1vel\u201d, citando a resolu\u00e7\u00e3o da ONU e dados que apontam a situa\u00e7\u00e3o do acesso a \u00e1gua de qualidade e quantidade no pa\u00eds.<\/p>\n\n\n\n<p>Representando a presidente da Ag\u00eancia Nacional de \u00c1guas e Saneamento B\u00e1sico (ANA), Ver\u00f4nica S\u00e1nchez, a superintendente Adjunta de Apoio ao Sistema Nacional de Gerenciamento de Recursos H\u00eddricos, Renata Maranh\u00e3o, sugeriu um pacto de gest\u00e3o pelas \u00e1guas, no sentido de somar esfor\u00e7os para que as diversas iniciativas desenvolvidas pelo Estado do Tocantins sejam cada vez mais potencializadas. O Sistema de Gerenciamento agrega essa diversidade, turismo, povos origin\u00e1rios, meio ambiente e o nosso desafio atual na pol\u00edtica de recursos h\u00eddricos \u00e9 promover a mudan\u00e7a das nossas pr\u00e1ticas para minimizarmos os efeitos das mudan\u00e7as clim\u00e1ticas\u201d, reiterou.&nbsp;<\/p>\n\n\n\n<p>O presidente do F\u00f3rum Tocantinense de Bacias Hidrogr\u00e1ficas, Jair Oliveira da Costa Filho, destacou que os CBHs s\u00f3 existem por serem compostos por pessoas representantes dos diferentes segmentos, tendo, cada um, caracter\u00edsticas pr\u00f3prias, mas que para crescer \u00e9 preciso pessoas com os mesmos ideais e sonhos. \u201cDe pouquinho, vamos conquistando esses espa\u00e7os dentro da sociedade organizada. Portanto parabenizo o Tocantins e o Brasil\u201d, comemorou.<\/p>\n\n\n\n<p>&nbsp;Os presidentes do CBH Manuel Alves, M\u00e1rio de Sena; CBH Rio Formoso e do F\u00f3rum dos CBHs, Jairo Costa Filho; CBH Rios Santo Ant\u00f4nio e Santa Teresa, Maria Cristina Coelho; CBH dos Rios Lontra e Corda, M\u00e1rio Roberto Barros; e do CBH do Lago de Palmas, Marcelo Grison fizeram um breve pronunciamento, falando dos trabalhos, trajet\u00f3ria e perspectivas dos respectivos Comit\u00eas. Em seguida, receberam certificado de Honra ao M\u00e9rito pelos trabalhos prestados pela gest\u00e3o dos recursos h\u00eddricos no Estado.<\/p>\n\n\n\n<p><strong>Programa\u00e7\u00e3o<\/strong><\/p>\n\n\n\n<p>No per\u00edodo da tarde, a programa\u00e7\u00e3o ofereceu palestras e oficinas. Nesta quinta-feira, 23, al\u00e9m de oficinas, est\u00e1 prevista a apresenta\u00e7\u00e3o do livro&nbsp;<em>Aventuras em Terras Protegidas<\/em>, uma sess\u00e3o de cinema e a mesa-redonda onde ser\u00e1 consolidada a Carta das \u00c1guas.<\/p>\n\n\n\n<p><\/p>\n\n\n\n<p><img src=\"https:\/\/central.to.gov.br\/image\/322871?w=670&amp;h=383\"><\/p>\n\n\n\n<p>Assinatura da Coopera\u00e7\u00e3o T\u00e9cnica entre a Semarh, o CBH do Lago de Palmas e a Unitins para implanta\u00e7\u00e3o do Crad Palmas &#8211; Marcel de Paula\/Governo do Tocantins\u00a0<\/p>\n\n\n\n<p><img src=\"https:\/\/central.to.gov.br\/image\/322872?w=670&amp;h=383\"><\/p>\n\n\n\n<p>Assinatura de Conv\u00eanio entre Semarh e CI Lago para reestrutura\u00e7\u00e3o dos trabalhos dos Comit\u00eas de Bacias &#8211; Marcel de Paula\/Governo do Tocantins&nbsp;<\/p>\n","protected":false},"excerpt":{"rendered":"<p>O Governo do Tocantins, por meio da Secretaria de Estado do Meio Ambiente e Recursos H\u00eddricos (Semarh), e os Comit\u00eas de Bacias Hidrogr\u00e1ficas (CBHs), foram anfitri\u00f5es da 13\u00aa Semana da \u00c1gua e do 3\u00b0 Encontro Estadual dos Comit\u00eas de Bacias (3\u00b0 Ecob), nessa quarta-feira, 22, em celebra\u00e7\u00e3o ao Dia Mundial da \u00c1gua. O encontro segue [&hellip;]<\/p>\n","protected":false},"author":2,"featured_media":15240,"comment_status":"open","ping_status":"open","sticky":false,"template":"","format":"standard","meta":[],"categories":[3],"tags":[13],"_links":{"self":[{"href":"https:\/\/dgospel.com.br\/portal\/index.php\/wp-json\/wp\/v2\/posts\/15239"}],"collection":[{"href":"https:\/\/dgospel.com.br\/portal\/index.php\/wp-json\/wp\/v2\/posts"}],"about":[{"href":"https:\/\/dgospel.com.br\/portal\/index.php\/wp-json\/wp\/v2\/types\/post"}],"author":[{"embeddable":true,"href":"https:\/\/dgospel.com.br\/portal\/index.php\/wp-json\/wp\/v2\/users\/2"}],"replies":[{"embeddable":true,"href":"https:\/\/dgospel.com.br\/portal\/index.php\/wp-json\/wp\/v2\/comments?post=15239"}],"version-history":[{"count":1,"href":"https:\/\/dgospel.com.br\/portal\/index.php\/wp-json\/wp\/v2\/posts\/15239\/revisions"}],"predecessor-version":[{"id":15241,"href":"https:\/\/dgospel.com.br\/portal\/index.php\/wp-json\/wp\/v2\/posts\/15239\/revisions\/15241"}],"wp:featuredmedia":[{"embeddable":true,"href":"https:\/\/dgospel.com.br\/portal\/index.php\/wp-json\/wp\/v2\/media\/15240"}],"wp:attachment":[{"href":"https:\/\/dgospel.com.br\/portal\/index.php\/wp-json\/wp\/v2\/media?parent=15239"}],"wp:term":[{"taxonomy":"category","embeddable":true,"href":"https:\/\/dgospel.com.br\/portal\/index.php\/wp-json\/wp\/v2\/categories?post=15239"},{"taxonomy":"post_tag","embeddable":true,"href":"https:\/\/dgospel.com.br\/portal\/index.php\/wp-json\/wp\/v2\/tags?post=15239"}],"curies":[{"name":"wp","href":"https:\/\/api.w.org\/{rel}","templated":true}]}}