{"id":15242,"date":"2023-03-24T08:47:32","date_gmt":"2023-03-24T11:47:32","guid":{"rendered":"http:\/\/dgospel.com.br\/portal\/?p=15242"},"modified":"2023-03-24T08:47:33","modified_gmt":"2023-03-24T11:47:33","slug":"wanderlei-barbosa-prestigia-posse-de-novo-superintendente-regional-da-pf-no-tocantins","status":"publish","type":"post","link":"https:\/\/dgospel.com.br\/portal\/index.php\/2023\/03\/24\/wanderlei-barbosa-prestigia-posse-de-novo-superintendente-regional-da-pf-no-tocantins\/","title":{"rendered":"Wanderlei Barbosa prestigia posse de novo superintendente regional da PF no Tocantins"},"content":{"rendered":"\n<p>O governador do Tocantins, Wanderlei Barbosa, esteve presente na solenidade de posse do novo superintendente regional da Pol\u00edcia Federal no Estado do Tocantins, delegado Reginaldo Donizetti Gallan Batista. O evento ocorreu no audit\u00f3rio da Justi\u00e7a Federal, na capital Palmas, na manh\u00e3 desta quinta-feira, 23, e reuniu lideran\u00e7as das for\u00e7as policiais e da seguran\u00e7a p\u00fablica no Estado.<\/p>\n\n\n\n<p>Para o l\u00edder do Poder Executivo estadual, a Pol\u00edcia Federal (PF) \u00e9 uma institui\u00e7\u00e3o de grande import\u00e2ncia, uma vez que auxilia diretamente na manuten\u00e7\u00e3o da ordem e da seguran\u00e7a p\u00fablica no Tocantins. \u201cColoco a estrutura do Estado \u00e0 disposi\u00e7\u00e3o da superintend\u00eancia da PF regional para trabalhos conjuntos, pois acredito no trabalho cooperacional entre as for\u00e7as policiais\u201d, afirmou Wanderlei Barbosa, ao parabenizar o delegado Reginaldo Donizetti pela posse.<\/p>\n\n\n\n<p>Em seu discurso de posse, o novo superintendente regional da PF reconheceu o m\u00e9rito do cargo que agora assume. \u201cQuando iniciei minha carreira em 2006, sempre quis ajudar diretamente no combate \u00e0 criminalidade, sobretudo o crime organizado. Receber esta miss\u00e3o \u00e9 uma grande honra e realiza\u00e7\u00e3o pessoal\u201d, destacou, ao mesmo tempo em que relembrou sua inf\u00e2ncia em delegacia policial, acompanhando o pai que tamb\u00e9m era delegado.<\/p>\n\n\n\n<p>O delegado Reginaldo Donizetti chegou a agradecer ao Governo do Tocantins e \u00e0s prefeituras municipais de Palmas e Aragua\u00edna pela doa\u00e7\u00e3o dos terrenos para constru\u00e7\u00e3o da sede pr\u00f3pria da Pol\u00edcia Federal nos dois munic\u00edpios. \u201cNossa grande miss\u00e3o \u00e9 garantir, agora, a sede pr\u00f3pria da PF na capital e em Aragua\u00edna, focado em proporcionar melhor condi\u00e7\u00e3o de trabalho no combate ao crime, para a manuten\u00e7\u00e3o e a melhoria na seguran\u00e7a p\u00fablica e na qualidade de vida no Estado\u201d, pontuou, ao convocar parlamentares e gestores p\u00fablicos a destinarem verbas para as obras.<br><br><strong>Delegado Reginaldo Donizetti<\/strong><br><br>Reginaldo Donizetti Gallan Batista \u00e9 graduado em Direito pela Universidade Estadual de Maring\u00e1 no Paran\u00e1 e integra o quadro da Pol\u00edcia Federal h\u00e1 17 anos, tendo iniciado sua carreira policial no cargo de Delegado de Pol\u00edcia Federal, possuindo larga experi\u00eancia profissional. Entre os principais postos j\u00e1 ocupados por ele, podemos citar: chefe da Divis\u00e3o de Repress\u00e3o a Crimes Contra o Patrim\u00f4nio; chefe do Setor de Intelig\u00eancia Policial no Estado de Santa Catarina; supervisor do Grupo Especial de Investiga\u00e7\u00f5es Sens\u00edveis na unidade de Cascavel (PR); chefe da Delegacia de Pol\u00edcia Federal em Gua\u00edra (PR); e chefe substituto do N\u00facleo de Opera\u00e7\u00f5es da Delegacia de Pol\u00edcia Federal em Foz do Igua\u00e7u (PR).<\/p>\n\n\n\n<p>Agora superintendente Regional da Pol\u00edcia Federal no Tocantins, o delegado Reginaldo Donizetti ter\u00e1 como miss\u00e3o o planejamento, a dire\u00e7\u00e3o, a coordena\u00e7\u00e3o, o controle e a execu\u00e7\u00e3o das atividades institucionais no Estado.<\/p>\n\n\n\n<p><\/p>\n\n\n\n<p><img src=\"https:\/\/central.to.gov.br\/image\/322903?w=670&amp;h=383\"><\/p>\n\n\n\n<p>Em seu discurso, o novo superintendente da PF no Tocantins, Reginaldo Donizetti, agradeceu ao Governo do Tocantins pela doa\u00e7\u00e3o de terreno para constru\u00e7\u00e3o da sede pr\u00f3pria da Pol\u00edcia Federal &#8211; Esequias Ara\u00fajo\/Governo do Tocantins\u00a0<\/p>\n\n\n\n<p><img src=\"https:\/\/central.to.gov.br\/image\/322904?w=670&amp;h=383\"><\/p>\n\n\n\n<p>O evento ocorreu no audit\u00f3rio da Justi\u00e7a Federal, em Palmas, na manh\u00e3 desta quinta-feira, 23, e reuniu lideran\u00e7as das for\u00e7as policiais e da seguran\u00e7a p\u00fablica no Estado &#8211; Esequias Ara\u00fajo\/Governo do Tocantins\u00a0<\/p>\n\n\n\n<p><img src=\"https:\/\/central.to.gov.br\/image\/322905?w=670&amp;h=383\"><\/p>\n\n\n\n<p>Reginaldo Donizetti Gallan Batista \u00e9 graduado em Direito pela Universidade Estadual de Maring\u00e1 no Paran\u00e1 e integra o quadro da Pol\u00edcia Federal h\u00e1 17 anos &#8211; Esequias Ara\u00fajo\/Governo do Tocantins\u00a0<\/p>\n\n\n\n<p><img src=\"https:\/\/central.to.gov.br\/image\/322906?w=670&amp;h=383\"><\/p>\n\n\n\n<p>O evento ocorreu no audit\u00f3rio da Justi\u00e7a Federal, na capital Palmas, na manh\u00e3 desta quinta-feira, 23, e reuniu lideran\u00e7as das for\u00e7as policiais e da seguran\u00e7a p\u00fablica no Estado &#8211; Esequias Ara\u00fajo\/Governo do Tocantins&nbsp;<\/p>\n","protected":false},"excerpt":{"rendered":"<p>O governador do Tocantins, Wanderlei Barbosa, esteve presente na solenidade de posse do novo superintendente regional da Pol\u00edcia Federal no Estado do Tocantins, delegado Reginaldo Donizetti Gallan Batista. O evento ocorreu no audit\u00f3rio da Justi\u00e7a Federal, na capital Palmas, na manh\u00e3 desta quinta-feira, 23, e reuniu lideran\u00e7as das for\u00e7as policiais e da seguran\u00e7a p\u00fablica no [&hellip;]<\/p>\n","protected":false},"author":2,"featured_media":15243,"comment_status":"open","ping_status":"open","sticky":false,"template":"","format":"standard","meta":[],"categories":[3],"tags":[13],"_links":{"self":[{"href":"https:\/\/dgospel.com.br\/portal\/index.php\/wp-json\/wp\/v2\/posts\/15242"}],"collection":[{"href":"https:\/\/dgospel.com.br\/portal\/index.php\/wp-json\/wp\/v2\/posts"}],"about":[{"href":"https:\/\/dgospel.com.br\/portal\/index.php\/wp-json\/wp\/v2\/types\/post"}],"author":[{"embeddable":true,"href":"https:\/\/dgospel.com.br\/portal\/index.php\/wp-json\/wp\/v2\/users\/2"}],"replies":[{"embeddable":true,"href":"https:\/\/dgospel.com.br\/portal\/index.php\/wp-json\/wp\/v2\/comments?post=15242"}],"version-history":[{"count":1,"href":"https:\/\/dgospel.com.br\/portal\/index.php\/wp-json\/wp\/v2\/posts\/15242\/revisions"}],"predecessor-version":[{"id":15244,"href":"https:\/\/dgospel.com.br\/portal\/index.php\/wp-json\/wp\/v2\/posts\/15242\/revisions\/15244"}],"wp:featuredmedia":[{"embeddable":true,"href":"https:\/\/dgospel.com.br\/portal\/index.php\/wp-json\/wp\/v2\/media\/15243"}],"wp:attachment":[{"href":"https:\/\/dgospel.com.br\/portal\/index.php\/wp-json\/wp\/v2\/media?parent=15242"}],"wp:term":[{"taxonomy":"category","embeddable":true,"href":"https:\/\/dgospel.com.br\/portal\/index.php\/wp-json\/wp\/v2\/categories?post=15242"},{"taxonomy":"post_tag","embeddable":true,"href":"https:\/\/dgospel.com.br\/portal\/index.php\/wp-json\/wp\/v2\/tags?post=15242"}],"curies":[{"name":"wp","href":"https:\/\/api.w.org\/{rel}","templated":true}]}}