{"id":15248,"date":"2023-03-24T09:49:04","date_gmt":"2023-03-24T12:49:04","guid":{"rendered":"http:\/\/dgospel.com.br\/portal\/?p=15248"},"modified":"2023-03-24T09:49:05","modified_gmt":"2023-03-24T12:49:05","slug":"associacoes-de-delegados-e-juizes-repudiam-fala-de-lula-sobre-moro","status":"publish","type":"post","link":"https:\/\/dgospel.com.br\/portal\/index.php\/2023\/03\/24\/associacoes-de-delegados-e-juizes-repudiam-fala-de-lula-sobre-moro\/","title":{"rendered":"Associa\u00e7\u00f5es de delegados e ju\u00edzes repudiam fala de Lula sobre Moro"},"content":{"rendered":"\n<p>A Associa\u00e7\u00e3o Nacional dos Delegados de Pol\u00edcia Federal (ADPF) e a Associa\u00e7\u00e3o dos Ju\u00edzes Federais do Brasil (Ajufe) condenaram a declara\u00e7\u00e3o do presidente Lula de que o plano do Primeiro Comando da Capital (PCC) para matar o senador Sergio Moro (Uni\u00e3o-PR) seria uma arma\u00e7\u00e3o do pr\u00f3prio ex-juiz.<\/p>\n\n\n\n<p>As duas entidades divulgaram nota de rep\u00fadio na quinta-feira 23, depois de&nbsp;<strong><a href=\"https:\/\/revistaoeste.com\/politica\/e-visivel-que-e-uma-armacao-do-moro-diz-lula-sobre-plano-do-pcc\/\" target=\"_blank\" rel=\"noreferrer noopener\">Lula ter afirmado publicamente, em solenidade em Itagua\u00ed (RJ)<\/a><\/strong>, que a opera\u00e7\u00e3o que envolveu 120 agentes da Pol\u00edcia Federal era \u201cmais uma arma\u00e7\u00e3o do Moro\u201d e ter insinuado que a decis\u00e3o da ju\u00edza Gabriela Hardt, de autorizar a opera\u00e7\u00e3o era um benef\u00edcio para ajudar o ex-colega e n\u00e3o um decis\u00e3o v\u00e1lida.<\/p>\n\n\n\n<p>\u201cN\u00f3s confiamos plenamente no trabalho desenvolvido pelos delegados federais que atuam no caso. As investiga\u00e7\u00f5es foram conduzidas com cautela, responsabilidade e amparo na lei, sendo obtido, certamente, forte arcabou\u00e7o probat\u00f3rio no curso do Inqu\u00e9rito Policial\u201d, afirmou Luciano Leiro, presidente da ADPF.<\/p>\n\n\n\n<p>J\u00e1 de acordo com a Ajufe, \u201co ataque pessoal\u201d a ju\u00edzes federais \u201cprovoca instabilidade social e se distancia da necessidade urgente de concilia\u00e7\u00e3o entre os Poderes\u201d. \u201cA Ajufe reitera o respeito \u00e0s institui\u00e7\u00f5es como condi\u00e7\u00e3o para o exerc\u00edcio pleno da democracia, e seguir\u00e1 defendendo a independ\u00eancia do Poder Judici\u00e1rio e a harmonia com os demais Poderes da Rep\u00fablica\u201d, concluiu a entidade.<\/p>\n\n\n\n<p><strong><a href=\"https:\/\/revistaoeste.com\/politica\/em-reacao-a-lula-parlamentares-falam-em-impeachment-e-teste-de-sanidade\/\" target=\"_blank\" rel=\"noreferrer noopener\">Deputados e senadores<\/a><\/strong>&nbsp;tamb\u00e9m criticaram as declara\u00e7\u00f5es de Lula, mencionando a possibilidade de&nbsp;<em>impeachment,<\/em>&nbsp;em raz\u00e3o da afronta \u00e0s institui\u00e7\u00f5es, sugerindo exames de sanidade mental e informando sobre eventuais provid\u00eancias legislativas.<\/p>\n\n\n\n<p>Depois das declara\u00e7\u00f5es de Lula,&nbsp;<strong><a href=\"https:\/\/revistaoeste.com\/politica\/caso-moro-os-detalhes-da-investigacao-da-pf-sobre-o-pcc\/\" target=\"_blank\" rel=\"noreferrer noopener\">a ju\u00edza levantou o sigilo<\/a><\/strong>&nbsp;sobre todos os documentos da investiga\u00e7\u00e3o envolvendo os planos do PCC contra Moro e outras autoridades.<\/p>\n\n\n\n<p><strong>Leia as notas, na \u00edntegra:<\/strong><\/p>\n\n\n\n<p><strong>Associa\u00e7\u00e3o dos Ju\u00edzes Federais do Brasil (<a href=\"https:\/\/www.ajufe.org.br\/\" target=\"_blank\" rel=\"noreferrer noopener\">Ajufe<\/a>)<\/strong><\/p>\n\n\n\n<p><em>\u201cA Associa\u00e7\u00e3o dos Ju\u00edzes Federais do Brasil (Ajufe) vem a p\u00fablico reiterar o mais absoluto apoio a todos os Ju\u00edzes e Ju\u00edzas Federais com atua\u00e7\u00e3o na \u00e1rea criminal no pa\u00eds. A cria\u00e7\u00e3o do Sistema Penitenci\u00e1rio Federal, cuja jurisdi\u00e7\u00e3o \u00e9 exercida por magistradas e magistrados da Justi\u00e7a Federal, tem se mostrado extremamente importante para o combate eficaz ao crime organizado, que insiste em desafiar as institui\u00e7\u00f5es democr\u00e1ticas brasileiras.<\/em><\/p>\n\n\n\n<p><em>O ataque pessoal a Ju\u00edzas e Ju\u00edzes Federais provoca instabilidade social e se distancia da necessidade urgente de concilia\u00e7\u00e3o entre os Poderes. A Ajufe reitera o respeito \u00e0s institui\u00e7\u00f5es como condi\u00e7\u00e3o para o exerc\u00edcio pleno da democracia, e seguir\u00e1 defendendo a independ\u00eancia do Poder Judici\u00e1rio e a harmonia com os demais Poderes da Rep\u00fablica.\u201d<\/em><\/p>\n\n\n\n<p><strong>Associa\u00e7\u00e3o Nacional dos Delegados de Pol\u00edcia Federal (ADPF)<\/strong><\/p>\n\n\n\n<p><em>\u201cN\u00f3s confiamos plenamente no trabalho desenvolvido pelos Delegados Federais que atuam no caso. As investiga\u00e7\u00f5es foram conduzidas com cautela, responsabilidade e amparo na lei, sendo obtido, certamente, forte arcabou\u00e7o probat\u00f3rio no curso do Inqu\u00e9rito Policial. Vale lembrar que todo o trabalho da PF \u00e9 acompanhado de perto pelo Minist\u00e9rio P\u00fablico Federal e que as medidas relativas a pris\u00f5es, sequestros e apreens\u00f5es de bens s\u00e3o determinadas pelo ju\u00edzo competente. Por isso, em momentos sens\u00edveis como esse, \u00e9 importante destacar a necessidade de autonomia funcional das institui\u00e7\u00f5es e a seriedade do processo persecut\u00f3rio penal.\u201d<\/em><\/p>\n","protected":false},"excerpt":{"rendered":"<p>A Associa\u00e7\u00e3o Nacional dos Delegados de Pol\u00edcia Federal (ADPF) e a Associa\u00e7\u00e3o dos Ju\u00edzes Federais do Brasil (Ajufe) condenaram a declara\u00e7\u00e3o do presidente Lula de que o plano do Primeiro Comando da Capital (PCC) para matar o senador Sergio Moro (Uni\u00e3o-PR) seria uma arma\u00e7\u00e3o do pr\u00f3prio ex-juiz. As duas entidades divulgaram nota de rep\u00fadio na [&hellip;]<\/p>\n","protected":false},"author":2,"featured_media":15249,"comment_status":"open","ping_status":"open","sticky":false,"template":"","format":"standard","meta":[],"categories":[10],"tags":[],"_links":{"self":[{"href":"https:\/\/dgospel.com.br\/portal\/index.php\/wp-json\/wp\/v2\/posts\/15248"}],"collection":[{"href":"https:\/\/dgospel.com.br\/portal\/index.php\/wp-json\/wp\/v2\/posts"}],"about":[{"href":"https:\/\/dgospel.com.br\/portal\/index.php\/wp-json\/wp\/v2\/types\/post"}],"author":[{"embeddable":true,"href":"https:\/\/dgospel.com.br\/portal\/index.php\/wp-json\/wp\/v2\/users\/2"}],"replies":[{"embeddable":true,"href":"https:\/\/dgospel.com.br\/portal\/index.php\/wp-json\/wp\/v2\/comments?post=15248"}],"version-history":[{"count":1,"href":"https:\/\/dgospel.com.br\/portal\/index.php\/wp-json\/wp\/v2\/posts\/15248\/revisions"}],"predecessor-version":[{"id":15250,"href":"https:\/\/dgospel.com.br\/portal\/index.php\/wp-json\/wp\/v2\/posts\/15248\/revisions\/15250"}],"wp:featuredmedia":[{"embeddable":true,"href":"https:\/\/dgospel.com.br\/portal\/index.php\/wp-json\/wp\/v2\/media\/15249"}],"wp:attachment":[{"href":"https:\/\/dgospel.com.br\/portal\/index.php\/wp-json\/wp\/v2\/media?parent=15248"}],"wp:term":[{"taxonomy":"category","embeddable":true,"href":"https:\/\/dgospel.com.br\/portal\/index.php\/wp-json\/wp\/v2\/categories?post=15248"},{"taxonomy":"post_tag","embeddable":true,"href":"https:\/\/dgospel.com.br\/portal\/index.php\/wp-json\/wp\/v2\/tags?post=15248"}],"curies":[{"name":"wp","href":"https:\/\/api.w.org\/{rel}","templated":true}]}}