{"id":15251,"date":"2023-03-24T09:50:32","date_gmt":"2023-03-24T12:50:32","guid":{"rendered":"http:\/\/dgospel.com.br\/portal\/?p=15251"},"modified":"2023-03-24T09:50:33","modified_gmt":"2023-03-24T12:50:33","slug":"federacao-proibe-mulheres-trans-de-competirem-em-eventos-femininos","status":"publish","type":"post","link":"https:\/\/dgospel.com.br\/portal\/index.php\/2023\/03\/24\/federacao-proibe-mulheres-trans-de-competirem-em-eventos-femininos\/","title":{"rendered":"Federa\u00e7\u00e3o pro\u00edbe \u2018mulheres trans\u2019 de competirem em eventos femininos"},"content":{"rendered":"\n<p>A&nbsp;<a href=\"https:\/\/worldathletics.org\/\" target=\"_blank\" rel=\"noreferrer noopener\"><strong>Federa\u00e7\u00e3o Internacional de Atletismo<\/strong><\/a>&nbsp;anunciou que \u201cmulheres trans\u201d(pessoas que nasceram do sexo masculino) est\u00e3o proibidas de disputar eventos internacionais na categoria feminina, a&nbsp;partir de 31 de mar\u00e7o deste ano.<\/p>\n\n\n\n<p>\u201cDecis\u00f5es que envolvam necessidades e direitos conflitantes entre grupos distintos s\u00e3o sempre dif\u00edceis\u201d, disse o presidente da&nbsp;federa\u00e7\u00e3o,&nbsp;Sebastian Coe, ao mencionar que a norma sobre \u201cmulheres trans\u201d n\u00e3o \u00e9 definitiva. \u201cContinuaremos com a vis\u00e3o de que devemos manter a justi\u00e7a para as atletas femininas acima de todas as outras considera\u00e7\u00f5es. Vamos nos guiar pela ci\u00eancia no tocante \u00e0 performance f\u00edsica e \u00e0 vantagem masculina que, inevitavelmente, se desenvolver\u00e1 nos pr\u00f3ximos anos.\u201d<\/p>\n\n\n\n<p>Um dos conselhos da federa\u00e7\u00e3o vai criar um grupo de trabalho, com dura\u00e7\u00e3o de 12 meses, para analisar a quest\u00e3o com profundidade. Al\u00e9m de um presidente independente, haver\u00e1 at\u00e9 tr\u00eas membros do conselho, dois atletas da comiss\u00e3o de atletas, um atleta trans, tr\u00eas representantes das federa\u00e7\u00f5es-membros e representantes do Departamento Mundial de Sa\u00fade e Ci\u00eancia do Atletismo.<\/p>\n\n\n\n<p>O objetivo do grupo ser\u00e1 consultar especificamente atletas trans para registrar suas opini\u00f5es sobre competir no atletismo, encomendar novas pesquisas e apresentar recomenda\u00e7\u00f5es ao conselho.<\/p>\n","protected":false},"excerpt":{"rendered":"<p>A&nbsp;Federa\u00e7\u00e3o Internacional de Atletismo&nbsp;anunciou que \u201cmulheres trans\u201d(pessoas que nasceram do sexo masculino) est\u00e3o proibidas de disputar eventos internacionais na categoria feminina, a&nbsp;partir de 31 de mar\u00e7o deste ano. \u201cDecis\u00f5es que envolvam necessidades e direitos conflitantes entre grupos distintos s\u00e3o sempre dif\u00edceis\u201d, disse o presidente da&nbsp;federa\u00e7\u00e3o,&nbsp;Sebastian Coe, ao mencionar que a norma sobre \u201cmulheres trans\u201d n\u00e3o [&hellip;]<\/p>\n","protected":false},"author":2,"featured_media":15252,"comment_status":"open","ping_status":"open","sticky":false,"template":"","format":"standard","meta":[],"categories":[10],"tags":[],"_links":{"self":[{"href":"https:\/\/dgospel.com.br\/portal\/index.php\/wp-json\/wp\/v2\/posts\/15251"}],"collection":[{"href":"https:\/\/dgospel.com.br\/portal\/index.php\/wp-json\/wp\/v2\/posts"}],"about":[{"href":"https:\/\/dgospel.com.br\/portal\/index.php\/wp-json\/wp\/v2\/types\/post"}],"author":[{"embeddable":true,"href":"https:\/\/dgospel.com.br\/portal\/index.php\/wp-json\/wp\/v2\/users\/2"}],"replies":[{"embeddable":true,"href":"https:\/\/dgospel.com.br\/portal\/index.php\/wp-json\/wp\/v2\/comments?post=15251"}],"version-history":[{"count":1,"href":"https:\/\/dgospel.com.br\/portal\/index.php\/wp-json\/wp\/v2\/posts\/15251\/revisions"}],"predecessor-version":[{"id":15253,"href":"https:\/\/dgospel.com.br\/portal\/index.php\/wp-json\/wp\/v2\/posts\/15251\/revisions\/15253"}],"wp:featuredmedia":[{"embeddable":true,"href":"https:\/\/dgospel.com.br\/portal\/index.php\/wp-json\/wp\/v2\/media\/15252"}],"wp:attachment":[{"href":"https:\/\/dgospel.com.br\/portal\/index.php\/wp-json\/wp\/v2\/media?parent=15251"}],"wp:term":[{"taxonomy":"category","embeddable":true,"href":"https:\/\/dgospel.com.br\/portal\/index.php\/wp-json\/wp\/v2\/categories?post=15251"},{"taxonomy":"post_tag","embeddable":true,"href":"https:\/\/dgospel.com.br\/portal\/index.php\/wp-json\/wp\/v2\/tags?post=15251"}],"curies":[{"name":"wp","href":"https:\/\/api.w.org\/{rel}","templated":true}]}}