{"id":15254,"date":"2023-03-24T09:53:52","date_gmt":"2023-03-24T12:53:52","guid":{"rendered":"http:\/\/dgospel.com.br\/portal\/?p=15254"},"modified":"2023-03-24T09:53:53","modified_gmt":"2023-03-24T12:53:53","slug":"alckmin-destoa-de-lula-e-sobe-o-tom-com-o-pcc","status":"publish","type":"post","link":"https:\/\/dgospel.com.br\/portal\/index.php\/2023\/03\/24\/alckmin-destoa-de-lula-e-sobe-o-tom-com-o-pcc\/","title":{"rendered":"Alckmin destoa de Lula e sobe o tom com o PCC"},"content":{"rendered":"\n<p>Depois de Lula dizer que o plano do Primeiro Comando da Capital (PCC) para matar autoridades era&nbsp;<a href=\"https:\/\/revistaoeste.com\/politica\/e-visivel-que-e-uma-armacao-do-moro-diz-lula-sobre-plano-do-pcc\/\" target=\"_blank\" rel=\"noreferrer noopener\"><strong>\u201carma\u00e7\u00e3o\u201d do senador Sergio Moro (Uni\u00e3o Brasil-PR)<\/strong><\/a>, o vice-presidente Geraldo Alckmin subiu o tom com o PCC, nas redes sociais. \u201cO governo n\u00e3o se curvar\u00e1 diante de amea\u00e7as criminosas\u201d, disse, na quinta-feira 23.<\/p>\n\n\n\n<p>H\u00e1 dois dias, a Pol\u00edcia Federal (PF) iniciou a Opera\u00e7\u00e3o Sequaz, para desarticular o grupo. Agentes prenderam criminosos no Distrito Federal e em quatro Estados: Rond\u00f4nia, Paran\u00e1, Mato Grosso do Sul e S\u00e3o Paulo. Segundo o jornal&nbsp;<em>O Estado de S. Paulo,&nbsp;<\/em>Alckmin tamb\u00e9m estava na mira do PCC.<\/p>\n\n\n\n<p>\u201cAo tempo em que fui governador do Estado de S\u00e3o Paulo, outras investiga\u00e7\u00f5es j\u00e1 haviam revelado amea\u00e7as desse tipo direcionadas a mim e a meus secret\u00e1rios de Estado\u201d, revelou Alckmin, no v\u00eddeo. \u201cAs raz\u00f5es para isso s\u00e3o muito claras: ao longo dos anos trabalhamos incansavelmente, inclusive, em parceria com os governos do presidente Lula, para melhorar a seguran\u00e7a de S\u00e3o Paulo. O trabalho em prol da seguran\u00e7a incomoda o crime organizado.\u201d<\/p>\n\n\n\n<h2>Opera\u00e7\u00e3o contra o PCC<\/h2>\n\n\n\n<p>Os agentes cumpriram 24 mandados de busca e apreens\u00e3o e 11 mandados de pris\u00e3o. Em nota, a PF informou que \u201cos ataques poderiam ocorrer de forma simult\u00e2nea, e os principais investigados se encontravam nos Estados de S\u00e3o Paulo e Paran\u00e1\u201d.<\/p>\n\n\n\n<p>Chamada de Sequaz, a opera\u00e7\u00e3o desarticulou uma organiza\u00e7\u00e3o criminosa que pretendia realizar ataques contra servidores p\u00fablicos e autoridades, incluindo homic\u00eddios e extors\u00e3o mediante sequestro, em pelo menos cinco unidades da federa\u00e7\u00e3o.<\/p>\n\n\n\n<p>O nome da opera\u00e7\u00e3o se refere ao ato de seguir, vigiar, acompanhar algu\u00e9m, devido ao m\u00e9todo utilizado pelos criminosos para fazer o levantamento de informa\u00e7\u00f5es sobre as poss\u00edveis v\u00edtimas, diz a institui\u00e7\u00e3o policial.<\/p>\n","protected":false},"excerpt":{"rendered":"<p>Depois de Lula dizer que o plano do Primeiro Comando da Capital (PCC) para matar autoridades era&nbsp;\u201carma\u00e7\u00e3o\u201d do senador Sergio Moro (Uni\u00e3o Brasil-PR), o vice-presidente Geraldo Alckmin subiu o tom com o PCC, nas redes sociais. \u201cO governo n\u00e3o se curvar\u00e1 diante de amea\u00e7as criminosas\u201d, disse, na quinta-feira 23. H\u00e1 dois dias, a Pol\u00edcia Federal [&hellip;]<\/p>\n","protected":false},"author":2,"featured_media":15255,"comment_status":"open","ping_status":"open","sticky":false,"template":"","format":"standard","meta":[],"categories":[4],"tags":[],"_links":{"self":[{"href":"https:\/\/dgospel.com.br\/portal\/index.php\/wp-json\/wp\/v2\/posts\/15254"}],"collection":[{"href":"https:\/\/dgospel.com.br\/portal\/index.php\/wp-json\/wp\/v2\/posts"}],"about":[{"href":"https:\/\/dgospel.com.br\/portal\/index.php\/wp-json\/wp\/v2\/types\/post"}],"author":[{"embeddable":true,"href":"https:\/\/dgospel.com.br\/portal\/index.php\/wp-json\/wp\/v2\/users\/2"}],"replies":[{"embeddable":true,"href":"https:\/\/dgospel.com.br\/portal\/index.php\/wp-json\/wp\/v2\/comments?post=15254"}],"version-history":[{"count":1,"href":"https:\/\/dgospel.com.br\/portal\/index.php\/wp-json\/wp\/v2\/posts\/15254\/revisions"}],"predecessor-version":[{"id":15256,"href":"https:\/\/dgospel.com.br\/portal\/index.php\/wp-json\/wp\/v2\/posts\/15254\/revisions\/15256"}],"wp:featuredmedia":[{"embeddable":true,"href":"https:\/\/dgospel.com.br\/portal\/index.php\/wp-json\/wp\/v2\/media\/15255"}],"wp:attachment":[{"href":"https:\/\/dgospel.com.br\/portal\/index.php\/wp-json\/wp\/v2\/media?parent=15254"}],"wp:term":[{"taxonomy":"category","embeddable":true,"href":"https:\/\/dgospel.com.br\/portal\/index.php\/wp-json\/wp\/v2\/categories?post=15254"},{"taxonomy":"post_tag","embeddable":true,"href":"https:\/\/dgospel.com.br\/portal\/index.php\/wp-json\/wp\/v2\/tags?post=15254"}],"curies":[{"name":"wp","href":"https:\/\/api.w.org\/{rel}","templated":true}]}}