{"id":15257,"date":"2023-03-24T11:46:52","date_gmt":"2023-03-24T14:46:52","guid":{"rendered":"http:\/\/dgospel.com.br\/portal\/?p=15257"},"modified":"2023-03-24T11:46:53","modified_gmt":"2023-03-24T14:46:53","slug":"video-de-evangelicos-cantando-hino-em-supermercado-e-alvo-de-intolerancia-na-web","status":"publish","type":"post","link":"https:\/\/dgospel.com.br\/portal\/index.php\/2023\/03\/24\/video-de-evangelicos-cantando-hino-em-supermercado-e-alvo-de-intolerancia-na-web\/","title":{"rendered":"V\u00eddeo de evang\u00e9licos cantando hino em supermercado \u00e9 alvo de intoler\u00e2ncia na web"},"content":{"rendered":"\n<p>Viralizou nas redes sociais um v\u00eddeo onde crist\u00e3os, precisamente evang\u00e9licos, aparecem cantando o hino \u201cPorque Ele Vive\u201d, um cl\u00e1ssico da m\u00fasica crist\u00e3, em um supermercado. O que poderia ter sido encarado como um simples ato de iniciativa popular e express\u00e3o de f\u00e9, no entanto, acabou sendo alvo de intoler\u00e2ncia religiosa.<\/p>\n\n\n\n<p>Compartilhado por um perfil que s\u00f3 no Twitter possui mais de 4,5 milh\u00f5es de seguidores, o v\u00eddeo dividiu opini\u00f5es, sendo muitas ofensivas, mesmo com cenas onde pessoas n\u00e3o fazem nada mais do que cantar, pacificamente, voluntariamente e at\u00e9 de forma emocionada.<\/p>\n\n\n\n<p>\u201cVai gritar na igreja parceiro, mercado n\u00e3o \u00e9 culto\u201d, disparou uma internauta. Outro perfil foi al\u00e9m, chamando os cidad\u00e3os que aderiram voluntariamente ao louvor de religiosos fan\u00e1ticos.<\/p>\n\n\n\n<p>\u201cBando de fan\u00e1tico religioso que n\u00e3o respeita nada e querem impor a porra de seus cren\u00e7as aos outros. Aposto que se fosse alguma religi\u00e3o contr\u00e1ria a deles fazendo a mesma coisa estariam indignados\u201d, postou o perfil, que chegou a ser rebatido pela advogada Fl\u00e1via Ferronato, marcando o Minist\u00e9rio P\u00fablico Federal<\/p>\n\n\n\n<p>\u201cIntoler\u00e2ncia religiosa pode??\u201d, questionou Fl\u00e1via. Muitos internautas tamb\u00e9m sa\u00edram em defesa da a\u00e7\u00e3o, apontando que a rea\u00e7\u00e3o negativa de alguns se deve apenas ao fato da m\u00fasica ser crist\u00e3.<\/p>\n\n\n\n<p>\u201cP\u00f4 que hipocrisia, se fosse qualquer outra m\u00fasica ningu\u00e9m estaria falando nada. Tudo isso s\u00f3 pq [sic] a m\u00fasica \u00e9 de crente\u201d, reagiu um usu\u00e1rio do Twitter. \u201cEu fiquei t\u00e3o feliz quando assisti esse v\u00eddeo e vi as pessoas cantando com o cora\u00e7\u00e3o. Da\u00ed vim ler os coment\u00e1rios\u2026 pior coisa q [sic] eu fiz, era melhor ter ficado s\u00f3 no v\u00eddeo\u201d,&nbsp;<a href=\"https:\/\/twitter.com\/juulianahelen\/status\/1637951606263107585\">postou<\/a>&nbsp;outra internauta.<\/p>\n\n\n\n<h2>A\u00e7\u00e3o evangel\u00edstica<\/h2>\n\n\n\n<p>O v\u00eddeo citado acima n\u00e3o faz refer\u00eancia a nenhuma iniciativa espec\u00edfica, dando a entender que foi algo volunt\u00e1rio por parte das pessoas, ou um grupo delas, no supermercado.<\/p>\n\n\n\n<p>No entanto, o GospelMais&nbsp;<a href=\"https:\/\/noticias.gospelmais.com.br\/igreja-chama-atencao-evangelismo-shopping-160732.html?fbclid=IwAR1zzib6WkjqPruJFCDYcuUHqNpZGVgbwwcC2645JgKlG3dkDRZs1pcdwv0\">noticiou dias atr\u00e1s<\/a>&nbsp;que a Igreja Fonte da Vida criou um projeto evangel\u00edstico que tem por objetivo realizar a\u00e7\u00f5es desse tipo, em p\u00fablico, levando o amor de Deus mediante a\u00e7\u00f5es simples, como o canto em locais como shoppings, pra\u00e7as e mercados.<\/p>\n\n\n\n<p>\u00c9 absolutamente comum para os evang\u00e9licos a\u00e7\u00f5es mission\u00e1rias dessa natureza, n\u00e3o sendo nenhuma novidade. A diferen\u00e7a, aparentemente, no contexto atual, est\u00e1 na grande visibilidade conferida pelas m\u00eddias sociais, algo que n\u00e3o existia no passado.<\/p>\n\n\n\n<p>De acordo com a legisla\u00e7\u00e3o brasileira, qualquer pessoa pode expressar livremente a sua f\u00e9 em p\u00fablico, desde que n\u00e3o interfira no direito alheio. Crist\u00e3os comprometidos com a prega\u00e7\u00e3o da Palavra de Deus v\u00eam fazendo isso ao longo da hist\u00f3ria da Igreja.<\/p>\n\n\n\n<p>O fato dos evang\u00e9licos serem protagonistas desse tipo de a\u00e7\u00e3o, obtendo inclusive o apoio volunt\u00e1rio de outros crist\u00e3os, trata-se apenas de um reflexo natural da cren\u00e7a majorit\u00e1ria da popula\u00e7\u00e3o brasileira, que \u00e9 crist\u00e3, segundo dados do IBGE.\u00a0<a href=\"https:\/\/twitter.com\/choquei\/status\/1637936332831084545\">Assista<\/a>:<\/p>\n\n\n\n<p><blockquote class=\"twitter-tweet\" data-width=\"550\" data-dnt=\"true\"><p lang=\"pt\" dir=\"ltr\">\ud83d\udea8BRASIL: Popula\u00e7\u00e3o come\u00e7a a cantar o hino \u2018Porque Ele Vive\u2019 em supermercado. <a href=\"https:\/\/t.co\/TeE4gZmjQg\">pic.twitter.com\/TeE4gZmjQg<\/a><\/p>&mdash; CHOQUEI (@choquei) <a href=\"https:\/\/twitter.com\/choquei\/status\/1637936332831084545?ref_src=twsrc%5Etfw\">March 20, 2023<\/a><\/blockquote><script async src=\"https:\/\/platform.twitter.com\/widgets.js\" charset=\"utf-8\"><\/script><\/p>\n","protected":false},"excerpt":{"rendered":"<p>Viralizou nas redes sociais um v\u00eddeo onde crist\u00e3os, precisamente evang\u00e9licos, aparecem cantando o hino \u201cPorque Ele Vive\u201d, um cl\u00e1ssico da m\u00fasica crist\u00e3, em um supermercado. O que poderia ter sido encarado como um simples ato de iniciativa popular e express\u00e3o de f\u00e9, no entanto, acabou sendo alvo de intoler\u00e2ncia religiosa. Compartilhado por um perfil que [&hellip;]<\/p>\n","protected":false},"author":2,"featured_media":15258,"comment_status":"open","ping_status":"open","sticky":false,"template":"","format":"standard","meta":[],"categories":[5],"tags":[],"_links":{"self":[{"href":"https:\/\/dgospel.com.br\/portal\/index.php\/wp-json\/wp\/v2\/posts\/15257"}],"collection":[{"href":"https:\/\/dgospel.com.br\/portal\/index.php\/wp-json\/wp\/v2\/posts"}],"about":[{"href":"https:\/\/dgospel.com.br\/portal\/index.php\/wp-json\/wp\/v2\/types\/post"}],"author":[{"embeddable":true,"href":"https:\/\/dgospel.com.br\/portal\/index.php\/wp-json\/wp\/v2\/users\/2"}],"replies":[{"embeddable":true,"href":"https:\/\/dgospel.com.br\/portal\/index.php\/wp-json\/wp\/v2\/comments?post=15257"}],"version-history":[{"count":1,"href":"https:\/\/dgospel.com.br\/portal\/index.php\/wp-json\/wp\/v2\/posts\/15257\/revisions"}],"predecessor-version":[{"id":15259,"href":"https:\/\/dgospel.com.br\/portal\/index.php\/wp-json\/wp\/v2\/posts\/15257\/revisions\/15259"}],"wp:featuredmedia":[{"embeddable":true,"href":"https:\/\/dgospel.com.br\/portal\/index.php\/wp-json\/wp\/v2\/media\/15258"}],"wp:attachment":[{"href":"https:\/\/dgospel.com.br\/portal\/index.php\/wp-json\/wp\/v2\/media?parent=15257"}],"wp:term":[{"taxonomy":"category","embeddable":true,"href":"https:\/\/dgospel.com.br\/portal\/index.php\/wp-json\/wp\/v2\/categories?post=15257"},{"taxonomy":"post_tag","embeddable":true,"href":"https:\/\/dgospel.com.br\/portal\/index.php\/wp-json\/wp\/v2\/tags?post=15257"}],"curies":[{"name":"wp","href":"https:\/\/api.w.org\/{rel}","templated":true}]}}