{"id":15263,"date":"2023-03-27T10:28:06","date_gmt":"2023-03-27T13:28:06","guid":{"rendered":"http:\/\/dgospel.com.br\/portal\/?p=15263"},"modified":"2023-03-27T10:28:07","modified_gmt":"2023-03-27T13:28:07","slug":"punido-por-fake-news-durante-a-campanha-lula-lanca-plataforma-de-combate-as-fake-news","status":"publish","type":"post","link":"https:\/\/dgospel.com.br\/portal\/index.php\/2023\/03\/27\/punido-por-fake-news-durante-a-campanha-lula-lanca-plataforma-de-combate-as-fake-news\/","title":{"rendered":"Punido por\u00a0fake news\u00a0durante a campanha, Lula lan\u00e7a plataforma de combate \u00e0s\u00a0fake news"},"content":{"rendered":"\n<p>O presidente Luiz In\u00e1cio da Silva anunciou o lan\u00e7amento de uma plataforma que visa a combater as&nbsp;<em>fake news<\/em>&nbsp;nas redes sociais. O \u201cBrasil contra Fake\u201d, como chama a ferramenta, desmente as supostas not\u00edcias falsas que prejudicam o governo federal. O site est\u00e1 no ar desde s\u00e1bado 25.<\/p>\n\n\n\n<p>\u201cO Brasil sofreu muito com mentiras nas redes sociais nos \u00faltimos anos\u201d, justificou Lula,\u00a0<strong><a rel=\"noreferrer noopener\" href=\"https:\/\/twitter.com\/LulaOficial\/status\/1640076724665737218\" target=\"_blank\">no Twitter<\/a><\/strong>. \u201cPrecisamos fortalecer uma rede da verdade. O governo lan\u00e7ou, nesta semana, uma plataforma de checagem de informa\u00e7\u00f5es e combate \u00e0 desinforma\u00e7\u00e3o.\u201d<\/p>\n\n\n\n<p>At\u00e9 14 de outubro do ano passado, durante a disputa pela Presid\u00eancia da Rep\u00fablica, o Tribunal Superior Eleitoral (TSE) havia punido a equipe de Lula em pelo menos seis ocasi\u00f5es distintas pelo uso de&nbsp;<em>fake news<\/em>. Em um dos casos, o petista associou Jair Bolsonaro (PL) ao canibalismo. Tamb\u00e9m relacionou o ent\u00e3o presidente \u00e0 morte de um apoiador do PT em Mato Grosso. E a mais grave de todas: a campanha de Lula comparou o ent\u00e3o chefe do Executivo com o nazista Adolf Hitler, respons\u00e1vel pela morte de milh\u00f5es de judeus. O TSE determinou que todos esses conte\u00fados forrem retirados do ar.<\/p>\n\n\n\n<h2><strong>Era bonito mentir<\/strong><\/h2>\n\n\n\n<p>Lula admitiu que viajava para o exterior e dizia mentiras sobre o pa\u00eds. \u201cComo fui oposi\u00e7\u00e3o durante muito tempo, cansei de viajar o mundo para falar mal do Brasil\u201d, disse o presidente. \u201cEra bonito viajar pelo mundo e dizer que, no Brasil, havia 30 milh\u00f5es de crian\u00e7as de rua. Nem sab\u00edamos. Havia n\u00e3o sei quantos milh\u00f5es de abortos. Eram todos clandestinos, mas a gente citava n\u00fameros. Se o cara perguntasse a fonte, a gente n\u00e3o tinha.\u201d<\/p>\n\n\n\n<p>Em uma dessas aventuras, Lula teria recebido uma advert\u00eancia do ex-governador do Paran\u00e1 Jaime Lerner. \u201cEstava debatendo com Roberto Marinho e Jaime Lerner em Paris\u201d, lembrou o presidente. \u201cA\u00ed, citei os n\u00fameros de n\u00e3o sei qual entidade. N\u00e3o vou dizer o nome, aqui. Eu dizia que, no Brasil, havia 25 milh\u00f5es de crian\u00e7as de rua. Era aplaudido calorosamente pelos franceses. Quando terminei de falar, o Jaime Lerner me disse: \u2018\u00d4, Lula, n\u00e3o pode ter 25 milh\u00f5es de crian\u00e7as de rua. Sen\u00e3o, n\u00e3o conseguir\u00edamos andar pelas ruas\u2019.\u201d<\/p>\n","protected":false},"excerpt":{"rendered":"<p>O presidente Luiz In\u00e1cio da Silva anunciou o lan\u00e7amento de uma plataforma que visa a combater as&nbsp;fake news&nbsp;nas redes sociais. O \u201cBrasil contra Fake\u201d, como chama a ferramenta, desmente as supostas not\u00edcias falsas que prejudicam o governo federal. O site est\u00e1 no ar desde s\u00e1bado 25. \u201cO Brasil sofreu muito com mentiras nas redes sociais [&hellip;]<\/p>\n","protected":false},"author":2,"featured_media":15264,"comment_status":"open","ping_status":"open","sticky":false,"template":"","format":"standard","meta":[],"categories":[10],"tags":[],"_links":{"self":[{"href":"https:\/\/dgospel.com.br\/portal\/index.php\/wp-json\/wp\/v2\/posts\/15263"}],"collection":[{"href":"https:\/\/dgospel.com.br\/portal\/index.php\/wp-json\/wp\/v2\/posts"}],"about":[{"href":"https:\/\/dgospel.com.br\/portal\/index.php\/wp-json\/wp\/v2\/types\/post"}],"author":[{"embeddable":true,"href":"https:\/\/dgospel.com.br\/portal\/index.php\/wp-json\/wp\/v2\/users\/2"}],"replies":[{"embeddable":true,"href":"https:\/\/dgospel.com.br\/portal\/index.php\/wp-json\/wp\/v2\/comments?post=15263"}],"version-history":[{"count":1,"href":"https:\/\/dgospel.com.br\/portal\/index.php\/wp-json\/wp\/v2\/posts\/15263\/revisions"}],"predecessor-version":[{"id":15265,"href":"https:\/\/dgospel.com.br\/portal\/index.php\/wp-json\/wp\/v2\/posts\/15263\/revisions\/15265"}],"wp:featuredmedia":[{"embeddable":true,"href":"https:\/\/dgospel.com.br\/portal\/index.php\/wp-json\/wp\/v2\/media\/15264"}],"wp:attachment":[{"href":"https:\/\/dgospel.com.br\/portal\/index.php\/wp-json\/wp\/v2\/media?parent=15263"}],"wp:term":[{"taxonomy":"category","embeddable":true,"href":"https:\/\/dgospel.com.br\/portal\/index.php\/wp-json\/wp\/v2\/categories?post=15263"},{"taxonomy":"post_tag","embeddable":true,"href":"https:\/\/dgospel.com.br\/portal\/index.php\/wp-json\/wp\/v2\/tags?post=15263"}],"curies":[{"name":"wp","href":"https:\/\/api.w.org\/{rel}","templated":true}]}}