{"id":15269,"date":"2023-03-28T15:51:18","date_gmt":"2023-03-28T18:51:18","guid":{"rendered":"http:\/\/dgospel.com.br\/portal\/?p=15269"},"modified":"2023-03-28T15:51:20","modified_gmt":"2023-03-28T18:51:20","slug":"gipao-cria-pl-que-proibe-restricao-no-nome-de-consumidores-alvos-de-golpe-ou-com-pendencia-administrativa-de-divida","status":"publish","type":"post","link":"https:\/\/dgospel.com.br\/portal\/index.php\/2023\/03\/28\/gipao-cria-pl-que-proibe-restricao-no-nome-de-consumidores-alvos-de-golpe-ou-com-pendencia-administrativa-de-divida\/","title":{"rendered":"Gip\u00e3o cria PL que pro\u00edbe restri\u00e7\u00e3o no nome de consumidores alvos de golpe ou com pend\u00eancia administrativa de d\u00edvida"},"content":{"rendered":"\n<p>O deputado estadual Aldair Costa (Gip\u00e3o) apresentou, na Assembleia Legislativa, um Projeto de Lei para proibir a inser\u00e7\u00e3o do nome do consumidor nos \u00f3rg\u00e3os de prote\u00e7\u00e3o de cr\u00e9dito, enquanto houver pend\u00eancia administrativa de d\u00edvida, e em caso de golpes ou uso indevido do seu nome.<\/p>\n\n\n\n<p>Na aplica\u00e7\u00e3o atual, ainda que o cliente renegocie sua d\u00edvida e programe-se para come\u00e7ar a quitar, dentro do prazo limite, seu nome vai a protesto. O PL de Gip\u00e3o refor\u00e7a o que a lei j\u00e1 prev\u00ea e amplia\u00e7\u00e3o dos mecanismos de defesa do cliente.<\/p>\n\n\n\n<p>O C\u00f3digo de Prote\u00e7\u00e3o e Defesa do Consumidor, em seu art. 43, e a Lei Federal n\u00ba 12.414\/2011, em seu art. 50, III e V, preveem o direito do consumidor \u00e0 informa\u00e7\u00e3o acerca do armazenamento de seus dados em banco de dados, e impugna\u00e7\u00e3o das informa\u00e7\u00f5es equivocadas, assinalando prazo para as provid\u00eancias de corre\u00e7\u00e3o ou cancelamento da inexatid\u00e3o.<\/p>\n\n\n\n<p>Em sua justificativa, o parlamentar destaca que o projeto visa amparar o consumidor no exerc\u00edcio dos seus direitos constitucionais garantindo sua ampla defesa.<\/p>\n\n\n\n<p>\u201cO objetivo do Projeto \u00e9 evitar que o nome do consumidor seja prejudicado por ter seu nome incluso injustamente na lista vermelha dos \u00f3rg\u00e3os de prote\u00e7\u00e3o ao cr\u00e9dito, como j\u00e1 ocorreu in\u00fameros casos, em que mesmo o suposto devedor solicitando a retirada das informa\u00e7\u00f5es sobre d\u00edvidas inexatas, ou mesmo inexistentes, n\u00e3o foram atendidos. Sem sa\u00edda, o cidad\u00e3o que luta para manter seu nome limpo, de repente, \u00e9 tachado de mau pagador, perante o mercado de credores, tendo seu nome, sua imagem e reputa\u00e7\u00e3o comprometidas e \u00e9 obrigado a permanecer com o nome negativado. \u00c9 preju\u00edzo e frustra\u00e7\u00e3o\u201d, argumentou Gip\u00e3o.<\/p>\n\n\n\n<p>A propositura segue em tramita\u00e7\u00e3o na Aleto.<\/p>\n","protected":false},"excerpt":{"rendered":"<p>O deputado estadual Aldair Costa (Gip\u00e3o) apresentou, na Assembleia Legislativa, um Projeto de Lei para proibir a inser\u00e7\u00e3o do nome do consumidor nos \u00f3rg\u00e3os de prote\u00e7\u00e3o de cr\u00e9dito, enquanto houver pend\u00eancia administrativa de d\u00edvida, e em caso de golpes ou uso indevido do seu nome. Na aplica\u00e7\u00e3o atual, ainda que o cliente renegocie sua d\u00edvida [&hellip;]<\/p>\n","protected":false},"author":2,"featured_media":15270,"comment_status":"open","ping_status":"open","sticky":false,"template":"","format":"standard","meta":[],"categories":[8],"tags":[],"_links":{"self":[{"href":"https:\/\/dgospel.com.br\/portal\/index.php\/wp-json\/wp\/v2\/posts\/15269"}],"collection":[{"href":"https:\/\/dgospel.com.br\/portal\/index.php\/wp-json\/wp\/v2\/posts"}],"about":[{"href":"https:\/\/dgospel.com.br\/portal\/index.php\/wp-json\/wp\/v2\/types\/post"}],"author":[{"embeddable":true,"href":"https:\/\/dgospel.com.br\/portal\/index.php\/wp-json\/wp\/v2\/users\/2"}],"replies":[{"embeddable":true,"href":"https:\/\/dgospel.com.br\/portal\/index.php\/wp-json\/wp\/v2\/comments?post=15269"}],"version-history":[{"count":1,"href":"https:\/\/dgospel.com.br\/portal\/index.php\/wp-json\/wp\/v2\/posts\/15269\/revisions"}],"predecessor-version":[{"id":15271,"href":"https:\/\/dgospel.com.br\/portal\/index.php\/wp-json\/wp\/v2\/posts\/15269\/revisions\/15271"}],"wp:featuredmedia":[{"embeddable":true,"href":"https:\/\/dgospel.com.br\/portal\/index.php\/wp-json\/wp\/v2\/media\/15270"}],"wp:attachment":[{"href":"https:\/\/dgospel.com.br\/portal\/index.php\/wp-json\/wp\/v2\/media?parent=15269"}],"wp:term":[{"taxonomy":"category","embeddable":true,"href":"https:\/\/dgospel.com.br\/portal\/index.php\/wp-json\/wp\/v2\/categories?post=15269"},{"taxonomy":"post_tag","embeddable":true,"href":"https:\/\/dgospel.com.br\/portal\/index.php\/wp-json\/wp\/v2\/tags?post=15269"}],"curies":[{"name":"wp","href":"https:\/\/api.w.org\/{rel}","templated":true}]}}